{"id":31,"date":"2023-01-31T15:12:47","date_gmt":"2023-01-31T14:12:47","guid":{"rendered":"http:\/\/radio-aviva.com\/nimes\/?p=31"},"modified":"2023-01-31T15:38:38","modified_gmt":"2023-01-31T14:38:38","slug":"le-dab-nouveau-standard-decoute-des-radios","status":"publish","type":"post","link":"https:\/\/radio-aviva.com\/nimes\/2023\/01\/31\/le-dab-nouveau-standard-decoute-des-radios\/","title":{"rendered":"Le DAB +, nouveau standard d&rsquo;\u00e9coute des radios"},"content":{"rendered":"<h1><span id=\"p98\"><span id=\"174\">Le DAB +, le nouveau moyen d&rsquo;\u00e9coute pour les radios<\/span><\/span><\/h1>\n<h3><strong><span id=\"p98\"><span id=\"174\">Une technologie de pointe<\/span><\/span><\/strong><\/h3>\n<p><span id=\"p100\">\u00c9quivalent pour la radio de ce qu\u2019a \u00e9t\u00e9 la TNT <span id=\"p99\">(t\u00e9l\u00e9vision num\u00e9rique terrestre)<\/span> pour la t\u00e9l\u00e9vision il y a 15 ans, le DAB+<\/span><span id=\"p101\">\u00a0utilise le r\u00e9seau de diffusion hertzien terrestre et offre des b\u00e9n\u00e9fices majeurs aux auditeurs\u00a0<\/span><span id=\"p102\"><span id=\"135\">fran\u00e7ais<\/span>.<\/span><\/p>\n<p><span id=\"p105\"><a href=\"https:\/\/www.dabplus.fr\/\"><strong>Le <span id=\"138\">DAB+<\/span><\/strong> <\/a><span id=\"p104\">(Digital Audio <span id=\"137\">Broadcasting<\/span>)<\/span> ou <span id=\"139\">RNT<\/span> <span id=\"p103\">(<span id=\"136\">Radio<\/span> Num\u00e9rique Terrestre)<\/span> en fran\u00e7ais, est une technologie <span id=\"140\">de\u00a0<\/span><\/span><span id=\"p106\"><span id=\"141\">transmission<\/span> num\u00e9rique de la radio.\u00a0<\/span><span id=\"p107\"><\/span>Aucun abonnement n&rsquo;est n\u00e9cessaire pour profiter de la radio num\u00e9rique terrestre, c&rsquo;est gratuit.<\/p>\n<h3><span id=\"p108\">Les avantages du <span id=\"142\">DAB+ :\u00a0<\/span><\/span><\/h3>\n<p><span id=\"p109\"><span id=\"143\">\u25cf<\/span> Un son plus clair, un meilleur confort d\u2019\u00e9coute ;<\/span><br \/>\n<span id=\"p110\"><span id=\"144\">\u25cf<\/span> Un son num\u00e9rique qui ne gr\u00e9sille plus ;<\/span><br \/>\n<span id=\"p111\"><span id=\"145\">\u25cf<\/span> Un nombre de radios plus \u00e9lev\u00e9 ;<\/span><br \/>\n<span id=\"p112\"><span id=\"147\">\u25cf<\/span> L&rsquo;affichage d&rsquo;informations suppl\u00e9mentaires sur vos postes et la possibilit\u00e9 de sillonner la France, le\u00a0<\/span><span id=\"p113\"><span id=\"148\">territoire<\/span> sans avoir \u00e0 changer de fr\u00e9quence.<\/span><\/p>\n<h3>Comment nous \u00e9couter et suivre l\u2019actualit\u00e9 n\u00eemoise en <span id=\"150\" class=\"s-rg\">DAB+<\/span><span id=\"151\" class=\"s-bl\">?<\/span><\/h3>\n<p><span id=\"p115\">T\u00e9l\u00e9chargez notre <strong>application gratuite<\/strong> <strong>RADIO AVIVA<\/strong> disponible sur Google <span id=\"153\">Play<\/span> et App Store. Gr\u00e2ce \u00e0\u00a0<\/span><span id=\"p116\"><span id=\"154\">cette\u00a0<\/span>application, vous pouvez \u00e9couter RADIO AVIVA en direct, suivre l&rsquo;actualit\u00e9 de la radio, r\u00e9\u00e9couter\u00a0<\/span><span id=\"p117\"><span id=\"155\">nos<\/span> \u00e9missions en <strong>podcasts<\/strong>, conna\u00eetre le titre en cours de diffusion, d\u00e9couvrir notre grille <span id=\"156\">des\u00a0<\/span><\/span><span id=\"p118\"><span id=\"157\">programmes<\/span> et naviguer <span id=\"158\">entre N\u00eemes, Montpellier et bient\u00f4t Perpignan<\/span>.<\/span><span id=\"p175\">\u00a0<\/span><\/p>\n<p><span id=\"p123\">N\u00eemes et le Gard font partie des zones couvertes r\u00e9cemment par <span id=\"165\">le\u00a0<\/span><\/span><span id=\"p124\"><strong><span id=\"166\">DAB+<\/span><\/strong>, <strong>votre poste de radio doit simplement \u00eatre <span id=\"167\">compatible<\/span>. <\/strong>L<\/span><span id=\"p125\">es mod\u00e8les r\u00e9cents vendus depuis 2019 <\/span><span id=\"p127\"><span id=\"170\">proposent<\/span> d\u00e9j\u00e0 spontan\u00e9ment cette possibilit\u00e9 <span id=\"p126\">(le logo <span id=\"168\">DAB+<\/span> est indiqu\u00e9 sur l&rsquo;<span id=\"169\">appareil<\/span>)<\/span>.<\/span><span id=\"p128\"> <span id=\"171\">Si vous\u00a0<\/span><\/span><span id=\"p129\"><span id=\"172\">souhaitez<\/span> vous \u00e9quiper, demandez conseil en magasin.<\/span><span id=\"p130\"> Il existe des postes de radio \u00e0 tous les prix.\u00a0<\/span><span id=\"p132\">Sinon tous les autres moyens d\u2019\u00e9coute restent disponibles <span id=\"p131\">(smartphones, sites, boxes, tablettes).<\/span><\/span><\/p>\n<p><strong>Vous avez le choix ! :<\/strong><\/p>\n<ul>\n<li><span id=\"p120\">Sur notre site internet :<\/span><a href=\"http:\/\/radio-aviva.com\/\"><span id=\"p121\"> www.radio-aviva.com<\/span><\/a><\/li>\n<li><span id=\"p122\">Sur vos enceintes connect\u00e9es <\/span><\/li>\n<li><span id=\"p122\">Sur un poste de radio adapt\u00e9<\/span><\/li>\n<li>Sur notre application mobile gratuite<\/li>\n<\/ul>\n<p><iframe title=\"DABplusFR: C&#039;est quoi le DAB+ ?\" width=\"1170\" height=\"658\" src=\"https:\/\/www.youtube.com\/embed\/rBmKr9vpgvM?feature=oembed\" frameborder=\"0\" allow=\"accelerometer; autoplay; clipboard-write; encrypted-media; gyroscope; picture-in-picture; web-share\" referrerpolicy=\"strict-origin-when-cross-origin\" allowfullscreen><\/iframe><\/p>\n<p>&nbsp;<\/p>\n","protected":false},"excerpt":{"rendered":"<p>Le DAB +, le nouveau moyen d&rsquo;\u00e9coute pour les radios Une technologie de pointe \u00c9quivalent pour la radio de ce qu\u2019a \u00e9t\u00e9 la TNT (t\u00e9l\u00e9vision num\u00e9rique terrestre) pour la t\u00e9l\u00e9vision il y a 15 ans, le DAB+\u00a0utilise le r\u00e9seau de diffusion hertzien terrestre et offre des b\u00e9n\u00e9fices majeurs aux auditeurs\u00a0fran\u00e7ais. ...<\/p>\n","protected":false},"author":1,"featured_media":5923,"comment_status":"open","ping_status":"open","sticky":false,"template":"","format":"standard","meta":{"footnotes":""},"categories":[121],"tags":[],"post_folder":[],"class_list":["post-31","post","type-post","status-publish","format-standard","has-post-thumbnail","hentry","category-actualite"],"_links":{"self":[{"href":"https:\/\/radio-aviva.com\/nimes\/wp-json\/wp\/v2\/posts\/31","targetHints":{"allow":["GET"]}}],"collection":[{"href":"https:\/\/radio-aviva.com\/nimes\/wp-json\/wp\/v2\/posts"}],"about":[{"href":"https:\/\/radio-aviva.com\/nimes\/wp-json\/wp\/v2\/types\/post"}],"author":[{"embeddable":true,"href":"https:\/\/radio-aviva.com\/nimes\/wp-json\/wp\/v2\/users\/1"}],"replies":[{"embeddable":true,"href":"https:\/\/radio-aviva.com\/nimes\/wp-json\/wp\/v2\/comments?post=31"}],"version-history":[{"count":0,"href":"https:\/\/radio-aviva.com\/nimes\/wp-json\/wp\/v2\/posts\/31\/revisions"}],"wp:featuredmedia":[{"embeddable":true,"href":"https:\/\/radio-aviva.com\/nimes\/wp-json\/wp\/v2\/media\/5923"}],"wp:attachment":[{"href":"https:\/\/radio-aviva.com\/nimes\/wp-json\/wp\/v2\/media?parent=31"}],"wp:term":[{"taxonomy":"category","embeddable":true,"href":"https:\/\/radio-aviva.com\/nimes\/wp-json\/wp\/v2\/categories?post=31"},{"taxonomy":"post_tag","embeddable":true,"href":"https:\/\/radio-aviva.com\/nimes\/wp-json\/wp\/v2\/tags?post=31"},{"taxonomy":"post_folder","embeddable":true,"href":"https:\/\/radio-aviva.com\/nimes\/wp-json\/wp\/v2\/post_folder?post=31"}],"curies":[{"name":"wp","href":"https:\/\/api.w.org\/{rel}","templated":true}]}}