{"id":7115,"date":"2023-08-14T12:40:28","date_gmt":"2023-08-14T10:40:28","guid":{"rendered":"https:\/\/radio-aviva.com\/nimes\/?p=7115"},"modified":"2023-08-17T09:03:10","modified_gmt":"2023-08-17T07:03:10","slug":"radio-aviva-recoit-les-participants-des-24h-saint-pierre","status":"publish","type":"post","link":"https:\/\/radio-aviva.com\/nimes\/2023\/08\/14\/radio-aviva-recoit-les-participants-des-24h-saint-pierre\/","title":{"rendered":"RADIO AVIVA re\u00e7oit les participants des 24h Saint-Pierre !"},"content":{"rendered":"<p style=\"text-align: left;\"><strong>Cette ann\u00e9e, les 24h Saint-Pierre ont lieu les 2 et 3 septembre 2023 ! 250 \u00e9quipes vont participer \u00e0 ce week-end solidaire organis\u00e9 par la Fondation Saint-Pierre, en collectant de l&rsquo;argent en amont de l&rsquo;\u00e9v\u00e9nement au sein de leur r\u00e9seau personnel et professionnel.<\/strong><\/p>\n<p style=\"text-align: left;\"><strong>L\u2019ensemble des dons cumul\u00e9s vont leur permettre de valider leur engagement et celui de leur \u00e9quipe. Ces dons permettront de venir en aide aux causes et projets soutenus par cette 6\u00e8me \u00e9dition, au profit des enfants malades et en situation de handicap.<\/strong><\/p>\n<p><strong>Retrouvez toutes les infos sur leur site internet : https:\/\/24hsaintpierre.org\/<\/strong><\/p>\n<p style=\"text-align: left;\"><strong>Dans ce cadre, RADIO AVIVA re\u00e7oit diff\u00e9rentes \u00e9quipes pour parler de leur investissement et de leurs valeurs. Vous pouvez retrouver toutes les \u00e9missions dans le <em>player<\/em> ci-dessous !<\/strong><\/p>\n<p>&nbsp;<\/p>\n<p><iframe src=\"https:\/\/embed.acast.com\/64d9eaef73cfc00011149799?accentColor=F0F2F5&amp;bgColor=8a6c4a&amp;secondaryColor=F0F2F5&amp;feed=true\" width=\"100%\" height=\"280px\" frameborder=\"0\"><\/iframe><\/p>\n","protected":false},"excerpt":{"rendered":"<p>Cette ann\u00e9e, les 24h Saint-Pierre ont lieu les 2 et 3 septembre 2023 ! 250 \u00e9quipes vont participer \u00e0 ce week-end solidaire organis\u00e9 par la Fondation Saint-Pierre, en collectant de l&rsquo;argent en amont de l&rsquo;\u00e9v\u00e9nement au sein de leur r\u00e9seau personnel et professionnel. L\u2019ensemble des dons cumul\u00e9s vont leur permettre ...<\/p>\n","protected":false},"author":1,"featured_media":7117,"comment_status":"closed","ping_status":"closed","sticky":false,"template":"","format":"standard","meta":{"footnotes":""},"categories":[296,297,292],"tags":[],"post_folder":[],"class_list":["post-7115","post","type-post","status-publish","format-standard","has-post-thumbnail","hentry","category-social","category-solidaire","category-sport"],"_links":{"self":[{"href":"https:\/\/radio-aviva.com\/nimes\/wp-json\/wp\/v2\/posts\/7115","targetHints":{"allow":["GET"]}}],"collection":[{"href":"https:\/\/radio-aviva.com\/nimes\/wp-json\/wp\/v2\/posts"}],"about":[{"href":"https:\/\/radio-aviva.com\/nimes\/wp-json\/wp\/v2\/types\/post"}],"author":[{"embeddable":true,"href":"https:\/\/radio-aviva.com\/nimes\/wp-json\/wp\/v2\/users\/1"}],"replies":[{"embeddable":true,"href":"https:\/\/radio-aviva.com\/nimes\/wp-json\/wp\/v2\/comments?post=7115"}],"version-history":[{"count":0,"href":"https:\/\/radio-aviva.com\/nimes\/wp-json\/wp\/v2\/posts\/7115\/revisions"}],"wp:featuredmedia":[{"embeddable":true,"href":"https:\/\/radio-aviva.com\/nimes\/wp-json\/wp\/v2\/media\/7117"}],"wp:attachment":[{"href":"https:\/\/radio-aviva.com\/nimes\/wp-json\/wp\/v2\/media?parent=7115"}],"wp:term":[{"taxonomy":"category","embeddable":true,"href":"https:\/\/radio-aviva.com\/nimes\/wp-json\/wp\/v2\/categories?post=7115"},{"taxonomy":"post_tag","embeddable":true,"href":"https:\/\/radio-aviva.com\/nimes\/wp-json\/wp\/v2\/tags?post=7115"},{"taxonomy":"post_folder","embeddable":true,"href":"https:\/\/radio-aviva.com\/nimes\/wp-json\/wp\/v2\/post_folder?post=7115"}],"curies":[{"name":"wp","href":"https:\/\/api.w.org\/{rel}","templated":true}]}}