{"id":7562,"date":"2023-10-12T16:08:15","date_gmt":"2023-10-12T14:08:15","guid":{"rendered":"https:\/\/radio-aviva.com\/nimes\/?p=7562"},"modified":"2023-10-12T16:10:27","modified_gmt":"2023-10-12T14:10:27","slug":"animation-dune-masterclass-au-forum-le-monde-nouveau","status":"publish","type":"post","link":"https:\/\/radio-aviva.com\/nimes\/2023\/10\/12\/animation-dune-masterclass-au-forum-le-monde-nouveau\/","title":{"rendered":"Animation d&rsquo;une masterclass au Forum Le Monde Nouveau"},"content":{"rendered":"<h1 style=\"text-align: center\"><strong>Forum Le Monde Nouveau<\/strong><\/h1>\n<h2 style=\"text-align: center\"><strong>Du jeudi 14 au samedi 16 septembre 2023<\/strong><\/h2>\n<p style=\"text-align: center\">Le Monde Nouveau, forum de la transition environnementale et soci\u00e9tale, s&rsquo;est d\u00e9roul\u00e9 du jeudi 14 au samedi 16 septembre 2023 \u00e0 Planet Ocean Montpellier (Odysseum) avec pour th\u00e9matique majeure : AGIR.<\/p>\n<p style=\"text-align: center\">En partenariat avec Le Monde Nouveau, RADIO AVIVA prend part \u00e0 l&rsquo;\u00e9v\u00e9nement le samedi 16 septembre de 10h \u00e0 11h et anime la MASTERCLASS : In-former le grand public, le r\u00f4le des m\u00e9dias, au micro de Perla DANAN, Pr\u00e9sidente de RADIO AVIVA.<\/p>\n<p>&nbsp;<\/p>\n<p><iframe title=\"MASTERCLASS : In-former le grand public, le r\u00f4le des m\u00e9dias\" width=\"1170\" height=\"658\" src=\"https:\/\/www.youtube.com\/embed\/xwC76CUeFxI?feature=oembed\" frameborder=\"0\" allow=\"accelerometer; autoplay; clipboard-write; encrypted-media; gyroscope; picture-in-picture; web-share\" referrerpolicy=\"strict-origin-when-cross-origin\" allowfullscreen><\/iframe><\/p>\n","protected":false},"excerpt":{"rendered":"<p>Forum Le Monde Nouveau Du jeudi 14 au samedi 16 septembre 2023 Le Monde Nouveau, forum de la transition environnementale et soci\u00e9tale, s&rsquo;est d\u00e9roul\u00e9 du jeudi 14 au samedi 16 septembre 2023 \u00e0 Planet Ocean Montpellier (Odysseum) avec pour th\u00e9matique majeure : AGIR. En partenariat avec Le Monde Nouveau, RADIO ...<\/p>\n","protected":false},"author":338,"featured_media":7563,"comment_status":"closed","ping_status":"open","sticky":false,"template":"","format":"standard","meta":{"footnotes":""},"categories":[321],"tags":[],"post_folder":[],"class_list":["post-7562","post","type-post","status-publish","format-standard","has-post-thumbnail","hentry","category-environnement"],"_links":{"self":[{"href":"https:\/\/radio-aviva.com\/nimes\/wp-json\/wp\/v2\/posts\/7562","targetHints":{"allow":["GET"]}}],"collection":[{"href":"https:\/\/radio-aviva.com\/nimes\/wp-json\/wp\/v2\/posts"}],"about":[{"href":"https:\/\/radio-aviva.com\/nimes\/wp-json\/wp\/v2\/types\/post"}],"author":[{"embeddable":true,"href":"https:\/\/radio-aviva.com\/nimes\/wp-json\/wp\/v2\/users\/338"}],"replies":[{"embeddable":true,"href":"https:\/\/radio-aviva.com\/nimes\/wp-json\/wp\/v2\/comments?post=7562"}],"version-history":[{"count":0,"href":"https:\/\/radio-aviva.com\/nimes\/wp-json\/wp\/v2\/posts\/7562\/revisions"}],"wp:featuredmedia":[{"embeddable":true,"href":"https:\/\/radio-aviva.com\/nimes\/wp-json\/wp\/v2\/media\/7563"}],"wp:attachment":[{"href":"https:\/\/radio-aviva.com\/nimes\/wp-json\/wp\/v2\/media?parent=7562"}],"wp:term":[{"taxonomy":"category","embeddable":true,"href":"https:\/\/radio-aviva.com\/nimes\/wp-json\/wp\/v2\/categories?post=7562"},{"taxonomy":"post_tag","embeddable":true,"href":"https:\/\/radio-aviva.com\/nimes\/wp-json\/wp\/v2\/tags?post=7562"},{"taxonomy":"post_folder","embeddable":true,"href":"https:\/\/radio-aviva.com\/nimes\/wp-json\/wp\/v2\/post_folder?post=7562"}],"curies":[{"name":"wp","href":"https:\/\/api.w.org\/{rel}","templated":true}]}}