{"id":8466,"date":"2024-03-21T15:14:00","date_gmt":"2024-03-21T14:14:00","guid":{"rendered":"https:\/\/radio-aviva.com\/nimes\/?p=8466"},"modified":"2024-03-21T15:14:00","modified_gmt":"2024-03-21T14:14:00","slug":"cafe-societe-le-sexisme-est-il-de-retour-chez-les-jeunes","status":"publish","type":"post","link":"https:\/\/radio-aviva.com\/nimes\/2024\/03\/21\/cafe-societe-le-sexisme-est-il-de-retour-chez-les-jeunes\/","title":{"rendered":"CAFE SOCIETE &#8211; LE SEXISME EST-IL DE RETOUR CHEZ LES JEUNES?"},"content":{"rendered":"<p><span style=\"font-weight: 400\">Dans le cadre des <\/span><b>Journ\u00e9es d\u00e9partementales des droits des femmes<\/b><span style=\"font-weight: 400\">, Radio Aviva a organis\u00e9 un caf\u00e9 soci\u00e9t\u00e9 \u00e0 N\u00eemes le <\/span><b>mardi 12 mars<\/b><span style=\"font-weight: 400\"> \u00e0 <\/span><b>18h30<\/b><span style=\"font-weight: 400\"> au caf\u00e9 <\/span><b>Le Napol\u00e9on<\/b><span style=\"font-weight: 400\">.<\/span><\/p>\n<p><span style=\"font-weight: 400\">Ce d\u00e9bat avait pour th\u00e8me : Le sexisme est-il de retour chez les jeunes? et \u00e9t\u00e9 anim\u00e9 par Perla Danan (pr\u00e9sidente de Radio Aviva).<\/span><\/p>\n<p><span style=\"font-weight: 400\">Des intervenantes inspirantes nous ont fait l&rsquo;honneur d&rsquo;\u00eatre pr\u00e9sentes :<\/span><\/p>\n<ul>\n<li style=\"font-weight: 400\"><span style=\"font-weight: 400\">Diane Belle, Immediat Past President 2024 \u00e0 la JCE (Jeune Chambre Economique de Montpellier)<\/span><\/li>\n<li style=\"font-weight: 400\"><span style=\"font-weight: 400\">B\u00e9atrice Bertrand, Directrice du CIDFF30 (Centre d\u2019Informations sur les Droits des Femmes et des Familles)<\/span><\/li>\n<li style=\"font-weight: 400\"><span style=\"font-weight: 400\">Lise Jannin, Pr\u00e9sident FCE Gard (Femmes Cheffes d\u2019Entreprises)<\/span><\/li>\n<li style=\"font-weight: 400\"><span style=\"font-weight: 400\">Cindy Le Falher, fondatrice et directrice d\u2019EnVIE de SENS et fondatrice de l\u2019association enVol<\/span><\/li>\n<li style=\"font-weight: 400\"><span style=\"font-weight: 400\">Martine Tib\u00e9rino-Champ, pr\u00e9sidente d\u2019APESA France (Aide Psychologique aux Entrepreneurs en Souffrance Aigu\u00eb)<\/span><\/li>\n<\/ul>\n<p><span style=\"font-weight: 400\">Au cours de cette <\/span><b>soir\u00e9e enrichissante,<\/b><span style=\"font-weight: 400\"> ces <\/span><b>femmes <\/b><span style=\"font-weight: 400\">ont pu \u00e9voquer leurs parcours, leurs activit\u00e9s, leurs valeurs, leurs engagements et bien d\u2019autres sujets devant des hommes et des femmes aux profils bien diff\u00e9rents.<\/span><\/p>\n<p><span style=\"font-weight: 400\">Vous pouvez retrouver le podcast de ce caf\u00e9 soci\u00e9t\u00e9 sur le site de Radio Aviva N\u00eemes : <\/span><a href=\"https:\/\/radio-aviva.com\/nimes\/podcast\/cafe-societe-le-sexisme-est-il-de-retour-chez-les-jeunes\/\"><span style=\"font-weight: 400\">https:\/\/radio-aviva.com\/nimes\/podcast\/cafe-societe-le-sexisme-est-il-de-retour-chez-les-jeunes\/<\/span><\/a><span style=\"font-weight: 400\"> mais \u00e9galement la version film\u00e9e sur YouTube : <\/span><a href=\"https:\/\/youtu.be\/FkdhrIWsrHk\"><span style=\"font-weight: 400\">https:\/\/youtu.be\/FkdhrIWsrHk<\/span><\/a><span style=\"font-weight: 400\">. <\/span><\/p>\n","protected":false},"excerpt":{"rendered":"<p>Dans le cadre des Journ\u00e9es d\u00e9partementales des droits des femmes, Radio Aviva a organis\u00e9 un caf\u00e9 soci\u00e9t\u00e9 \u00e0 N\u00eemes le mardi 12 mars \u00e0 18h30 au caf\u00e9 Le Napol\u00e9on. Ce d\u00e9bat avait pour th\u00e8me : Le sexisme est-il de retour chez les jeunes? et \u00e9t\u00e9 anim\u00e9 par Perla Danan (pr\u00e9sidente ...<\/p>\n","protected":false},"author":336,"featured_media":8464,"comment_status":"closed","ping_status":"open","sticky":false,"template":"","format":"standard","meta":{"footnotes":""},"categories":[382,452,453,293,451],"tags":[],"post_folder":[],"class_list":["post-8466","post","type-post","status-publish","format-standard","has-post-thumbnail","hentry","category-cafe-societe","category-lutte-contre-les-discriminations","category-lutte-contre-les-violences-faites-aux-femmes","category-nimes","category-sexisme"],"_links":{"self":[{"href":"https:\/\/radio-aviva.com\/nimes\/wp-json\/wp\/v2\/posts\/8466","targetHints":{"allow":["GET"]}}],"collection":[{"href":"https:\/\/radio-aviva.com\/nimes\/wp-json\/wp\/v2\/posts"}],"about":[{"href":"https:\/\/radio-aviva.com\/nimes\/wp-json\/wp\/v2\/types\/post"}],"author":[{"embeddable":true,"href":"https:\/\/radio-aviva.com\/nimes\/wp-json\/wp\/v2\/users\/336"}],"replies":[{"embeddable":true,"href":"https:\/\/radio-aviva.com\/nimes\/wp-json\/wp\/v2\/comments?post=8466"}],"version-history":[{"count":0,"href":"https:\/\/radio-aviva.com\/nimes\/wp-json\/wp\/v2\/posts\/8466\/revisions"}],"wp:featuredmedia":[{"embeddable":true,"href":"https:\/\/radio-aviva.com\/nimes\/wp-json\/wp\/v2\/media\/8464"}],"wp:attachment":[{"href":"https:\/\/radio-aviva.com\/nimes\/wp-json\/wp\/v2\/media?parent=8466"}],"wp:term":[{"taxonomy":"category","embeddable":true,"href":"https:\/\/radio-aviva.com\/nimes\/wp-json\/wp\/v2\/categories?post=8466"},{"taxonomy":"post_tag","embeddable":true,"href":"https:\/\/radio-aviva.com\/nimes\/wp-json\/wp\/v2\/tags?post=8466"},{"taxonomy":"post_folder","embeddable":true,"href":"https:\/\/radio-aviva.com\/nimes\/wp-json\/wp\/v2\/post_folder?post=8466"}],"curies":[{"name":"wp","href":"https:\/\/api.w.org\/{rel}","templated":true}]}}