{"id":8858,"date":"2024-06-20T11:33:58","date_gmt":"2024-06-20T09:33:58","guid":{"rendered":"https:\/\/radio-aviva.com\/nimes\/?p=8858"},"modified":"2024-06-20T11:33:59","modified_gmt":"2024-06-20T09:33:59","slug":"libre-echange-beatrice-bertrand-presidente-du-cidff-du-gard","status":"publish","type":"post","link":"https:\/\/radio-aviva.com\/nimes\/2024\/06\/20\/libre-echange-beatrice-bertrand-presidente-du-cidff-du-gard\/","title":{"rendered":"LIBRE \u00c9CHANGE &#8211; B\u00e9atrice Bertrand, pr\u00e9sidente du CIDFF du Gard"},"content":{"rendered":"\n<p class=\"has-medium-font-size\">Le 20 juin 2024 est diffus\u00e9 le Libre \u00c9change consacr\u00e9 \u00e0 B\u00e9atrice Bertrand, pr\u00e9sidente du Centre d&rsquo;Information sur les Droits des Femmes et des Familles du Gard.<\/p>\n\n\n\n<p class=\"has-medium-font-size\">En 2023, c&rsquo;est environ 13000 personnes qui ont pu b\u00e9n\u00e9ficier des services du CIDFF. V\u00e9ritable sujet de soci\u00e9t\u00e9, les violences sexistes et sexuelles repr\u00e9sentent malheureusement la moiti\u00e9 des activit\u00e9s du centre.<br \/>Interventions en milieu scolaire, accompagnements, documentations, d\u00e9couvrez  les moyens mis en \u0153uvre pour lutter contre les in\u00e9galit\u00e9s qui touchent les femmes et les familles.<\/p>\n\n\n\n<p class=\"has-medium-font-size\">Une \u00e9mission \u00e0 consulter sur YouTube (lien ci-dessous), sur toutes les plateformes de streaming, sur nos antennes ainsi que sur le site internet de Radio Aviva en podcast.<\/p>\n\n\n\n<p class=\"has-medium-font-size\"><a href=\"http:\/\/youtu.be\/SIiXRXTPyqY\">youtu.be\/SIiXRXTPyqY<\/a><\/p>\n\n\n\n<figure class=\"wp-block-image size-large\"><img fetchpriority=\"high\" decoding=\"async\" width=\"1474\" height=\"1105\" src=\"https:\/\/radio-aviva.com\/nimes\/wp-content\/uploads\/sites\/5\/2024\/06\/19_06_2024-Beatrice-Bertrand-Olivier-Biscaye-1-edited.jpg\" alt=\"\" class=\"wp-image-8865\" srcset=\"https:\/\/radio-aviva.com\/nimes\/wp-content\/uploads\/sites\/5\/2024\/06\/19_06_2024-Beatrice-Bertrand-Olivier-Biscaye-1-edited.jpg 1474w, https:\/\/radio-aviva.com\/nimes\/wp-content\/uploads\/sites\/5\/2024\/06\/19_06_2024-Beatrice-Bertrand-Olivier-Biscaye-1-edited-770x577.jpg 770w, https:\/\/radio-aviva.com\/nimes\/wp-content\/uploads\/sites\/5\/2024\/06\/19_06_2024-Beatrice-Bertrand-Olivier-Biscaye-1-edited-1170x877.jpg 1170w, https:\/\/radio-aviva.com\/nimes\/wp-content\/uploads\/sites\/5\/2024\/06\/19_06_2024-Beatrice-Bertrand-Olivier-Biscaye-1-edited-768x576.jpg 768w\" sizes=\"(max-width: 1474px) 100vw, 1474px\" \/><\/figure>\n","protected":false},"excerpt":{"rendered":"<p>Le 20 juin 2024 est diffus\u00e9 le Libre \u00c9change consacr\u00e9 \u00e0 B\u00e9atrice Bertrand, pr\u00e9sidente du Centre d&rsquo;Information sur les Droits des Femmes et des Familles du Gard. En 2023, c&rsquo;est environ 13000 personnes qui ont pu b\u00e9n\u00e9ficier des services du CIDFF. V\u00e9ritable sujet de soci\u00e9t\u00e9, les violences sexistes et sexuelles ...<\/p>\n","protected":false},"author":333,"featured_media":8860,"comment_status":"closed","ping_status":"open","sticky":false,"template":"","format":"standard","meta":{"footnotes":""},"categories":[121,298,472,452,453,293,451,296],"tags":[477,475,476,473],"post_folder":[],"class_list":["post-8858","post","type-post","status-publish","format-standard","has-post-thumbnail","hentry","category-actualite","category-femmes","category-libre-echange","category-lutte-contre-les-discriminations","category-lutte-contre-les-violences-faites-aux-femmes","category-nimes","category-sexisme","category-social","tag-cidff","tag-midi-libre","tag-nimes","tag-radio-aviva"],"_links":{"self":[{"href":"https:\/\/radio-aviva.com\/nimes\/wp-json\/wp\/v2\/posts\/8858","targetHints":{"allow":["GET"]}}],"collection":[{"href":"https:\/\/radio-aviva.com\/nimes\/wp-json\/wp\/v2\/posts"}],"about":[{"href":"https:\/\/radio-aviva.com\/nimes\/wp-json\/wp\/v2\/types\/post"}],"author":[{"embeddable":true,"href":"https:\/\/radio-aviva.com\/nimes\/wp-json\/wp\/v2\/users\/333"}],"replies":[{"embeddable":true,"href":"https:\/\/radio-aviva.com\/nimes\/wp-json\/wp\/v2\/comments?post=8858"}],"version-history":[{"count":3,"href":"https:\/\/radio-aviva.com\/nimes\/wp-json\/wp\/v2\/posts\/8858\/revisions"}],"predecessor-version":[{"id":8904,"href":"https:\/\/radio-aviva.com\/nimes\/wp-json\/wp\/v2\/posts\/8858\/revisions\/8904"}],"wp:featuredmedia":[{"embeddable":true,"href":"https:\/\/radio-aviva.com\/nimes\/wp-json\/wp\/v2\/media\/8860"}],"wp:attachment":[{"href":"https:\/\/radio-aviva.com\/nimes\/wp-json\/wp\/v2\/media?parent=8858"}],"wp:term":[{"taxonomy":"category","embeddable":true,"href":"https:\/\/radio-aviva.com\/nimes\/wp-json\/wp\/v2\/categories?post=8858"},{"taxonomy":"post_tag","embeddable":true,"href":"https:\/\/radio-aviva.com\/nimes\/wp-json\/wp\/v2\/tags?post=8858"},{"taxonomy":"post_folder","embeddable":true,"href":"https:\/\/radio-aviva.com\/nimes\/wp-json\/wp\/v2\/post_folder?post=8858"}],"curies":[{"name":"wp","href":"https:\/\/api.w.org\/{rel}","templated":true}]}}