{"id":8950,"date":"2024-07-09T16:23:31","date_gmt":"2024-07-09T14:23:31","guid":{"rendered":"https:\/\/radio-aviva.com\/nimes\/2024\/07\/09\/podcasts-en-transat-un-ete-decale-a-la-maison-de-lorientation\/"},"modified":"2024-07-09T16:23:31","modified_gmt":"2024-07-09T14:23:31","slug":"podcasts-en-transat-un-ete-decale-a-la-maison-de-lorientation","status":"publish","type":"post","link":"https:\/\/radio-aviva.com\/nimes\/2024\/07\/09\/podcasts-en-transat-un-ete-decale-a-la-maison-de-lorientation\/","title":{"rendered":"Podcasts en Transat : Un \u00e9t\u00e9 d\u00e9cal\u00e9 \u00e0 la Maison de l&rsquo;Orientation"},"content":{"rendered":"<p>Un \u00e9t\u00e9 d\u00e9cal\u00e9 \u00e0 la Maison de l&rsquo;Orientation<\/p>\n<p>\u00c9coutez nos podcast en transat, \u00e0 la d\u00e9couverte des m\u00e9tiers.<\/p>\n<p>En partenariat avec la Maison de l&rsquo;Orientation d&rsquo;Occitanie.<\/p>\n<p>&nbsp;<\/p>\n<p><iframe src=\"https:\/\/embed.acast.com\/6687f05af5f883ab764d6c05?feed=true\" width=\"300%\" height=\"630px\" frameborder=\"0\"><span data-mce-type=\"bookmark\" style=\"display: inline-block; width: 0px; overflow: hidden; line-height: 0;\" class=\"mce_SELRES_start\">\ufeff<\/span><span data-mce-type=\"bookmark\" style=\"display: inline-block; width: 0px; overflow: hidden; line-height: 0;\" class=\"mce_SELRES_start\">\ufeff<\/span><span data-mce-type=\"bookmark\" style=\"display: inline-block; width: 0px; overflow: hidden; line-height: 0;\" class=\"mce_SELRES_start\">\ufeff<\/span><\/iframe><\/p>\n<p>&nbsp;<\/p>\n","protected":false},"excerpt":{"rendered":"<p>Un \u00e9t\u00e9 d\u00e9cal\u00e9 \u00e0 la Maison de l&rsquo;Orientation \u00c9coutez nos podcast en transat, \u00e0 la d\u00e9couverte des m\u00e9tiers. En partenariat avec la Maison de l&rsquo;Orientation d&rsquo;Occitanie. &nbsp; \ufeff\ufeff\ufeff &nbsp;<\/p>\n","protected":false},"author":1,"featured_media":8951,"comment_status":"closed","ping_status":"closed","sticky":false,"template":"","format":"standard","meta":{"footnotes":""},"categories":[481,291,293,482,296],"tags":[],"post_folder":[],"class_list":["post-8950","post","type-post","status-publish","format-standard","has-post-thumbnail","hentry","category-education","category-montpellier","category-nimes","category-perpignan","category-social"],"_links":{"self":[{"href":"https:\/\/radio-aviva.com\/nimes\/wp-json\/wp\/v2\/posts\/8950","targetHints":{"allow":["GET"]}}],"collection":[{"href":"https:\/\/radio-aviva.com\/nimes\/wp-json\/wp\/v2\/posts"}],"about":[{"href":"https:\/\/radio-aviva.com\/nimes\/wp-json\/wp\/v2\/types\/post"}],"author":[{"embeddable":true,"href":"https:\/\/radio-aviva.com\/nimes\/wp-json\/wp\/v2\/users\/1"}],"replies":[{"embeddable":true,"href":"https:\/\/radio-aviva.com\/nimes\/wp-json\/wp\/v2\/comments?post=8950"}],"version-history":[{"count":0,"href":"https:\/\/radio-aviva.com\/nimes\/wp-json\/wp\/v2\/posts\/8950\/revisions"}],"wp:featuredmedia":[{"embeddable":true,"href":"https:\/\/radio-aviva.com\/nimes\/wp-json\/wp\/v2\/media\/8951"}],"wp:attachment":[{"href":"https:\/\/radio-aviva.com\/nimes\/wp-json\/wp\/v2\/media?parent=8950"}],"wp:term":[{"taxonomy":"category","embeddable":true,"href":"https:\/\/radio-aviva.com\/nimes\/wp-json\/wp\/v2\/categories?post=8950"},{"taxonomy":"post_tag","embeddable":true,"href":"https:\/\/radio-aviva.com\/nimes\/wp-json\/wp\/v2\/tags?post=8950"},{"taxonomy":"post_folder","embeddable":true,"href":"https:\/\/radio-aviva.com\/nimes\/wp-json\/wp\/v2\/post_folder?post=8950"}],"curies":[{"name":"wp","href":"https:\/\/api.w.org\/{rel}","templated":true}]}}