{"id":339,"count":1,"description":"","link":"https:\/\/radio-aviva.com\/perpignan\/podcast-filtre\/parc-naturel-regional-corbieres-fenouilledes\/","name":"Parc Naturel R\u00e9gional Corbi\u00e8res Fenouill\u00e8des","slug":"parc-naturel-regional-corbieres-fenouilledes","taxonomy":"podcastfilter","parent":0,"meta":[],"_links":{"self":[{"href":"https:\/\/radio-aviva.com\/perpignan\/wp-json\/wp\/v2\/podcastfilter\/339","targetHints":{"allow":["GET"]}}],"collection":[{"href":"https:\/\/radio-aviva.com\/perpignan\/wp-json\/wp\/v2\/podcastfilter"}],"about":[{"href":"https:\/\/radio-aviva.com\/perpignan\/wp-json\/wp\/v2\/taxonomies\/podcastfilter"}],"wp:post_type":[{"href":"https:\/\/radio-aviva.com\/perpignan\/wp-json\/wp\/v2\/podcast?podcastfilter=339"}],"curies":[{"name":"wp","href":"https:\/\/api.w.org\/{rel}","templated":true}]}}