{"id":7322,"date":"2023-08-21T12:11:08","date_gmt":"2023-08-21T10:11:08","guid":{"rendered":"https:\/\/radio-aviva.com\/perpignan\/?p=7322"},"modified":"2023-08-21T12:12:36","modified_gmt":"2023-08-21T10:12:36","slug":"ensemble2generation-lassociation-au-concept-novateur","status":"publish","type":"post","link":"https:\/\/radio-aviva.com\/perpignan\/2023\/08\/21\/ensemble2generation-lassociation-au-concept-novateur\/","title":{"rendered":"Ensemble2G\u00e9n\u00e9rations, l&rsquo;association au concept novateur."},"content":{"rendered":"<p><strong>Ensemble2G\u00e9n\u00e9rations<\/strong>\u00a0est une association favorisant la cohabitation interg\u00e9n\u00e9rationnelle et aidant les personnes dans le besoin \u00e0 trouver un toit. Un concept unique et novateur, qui permet aux \u00e9tudiants d&rsquo;acc\u00e9der facilement \u00e0 un logement, \u00e0 bas prix et \u00e0 des personnes \u00e2g\u00e9es d&rsquo;avoir de la compagnie.<\/p>\n<p>Cette association a pour valeurs l&rsquo;entraide et la bienveillance. Leur plateforme en ligne permet de mettre en relation les \u00e9tudiants et les seniors d\u00e9sirant pr\u00e9tendre \u00e0 un logement commun. Une cat\u00e9gorie \u00ab\u00a0famille\u00a0\u00bb est \u00e9galement disponible pour les foyers voulant un volontaire, une pr\u00e9sence pour un proche \u00e2g\u00e9. Toutes les d\u00e9marches se font sur le site web ou dans l&rsquo;agence locale la plus proche.<\/p>\n<p>Disponible depuis 2007 en France, c&rsquo;est depuis peu qu&rsquo;une antenne s&rsquo;est ouverte sur Perpignan. <strong>Jocelyne Carolle<\/strong>, pr\u00e9sidente pour la section des Pyr\u00e9n\u00e9es-Orientales est venu prendre la parole afin de pr\u00e9senter les valeurs et les objectifs v\u00e9hicul\u00e9s par l&rsquo;association.<\/p>\n<p>Le lien vers l&rsquo;interview :<a href=\"https:\/\/radio-aviva.com\/perpignan\/podcast\/jocelyne-carolle-pdte-ensemble-2-generations-090523\/\"> https:\/\/radio-aviva.com\/perpignan\/podcast\/jocelyne-carolle-pdte-ensemble-2-generations-090523\/<\/a><\/p>\n<p>&nbsp;<\/p>\n","protected":false},"excerpt":{"rendered":"<p>Ensemble2G\u00e9n\u00e9rations\u00a0est une association favorisant la cohabitation interg\u00e9n\u00e9rationnelle et aidant les personnes dans le besoin \u00e0 trouver un toit. Un concept unique et novateur, qui permet aux \u00e9tudiants d&rsquo;acc\u00e9der facilement \u00e0 un logement, \u00e0 bas prix et \u00e0 des personnes \u00e2g\u00e9es d&rsquo;avoir de la compagnie. Cette association a pour valeurs l&rsquo;entraide ...<\/p>\n","protected":false},"author":337,"featured_media":7328,"comment_status":"closed","ping_status":"open","sticky":false,"template":"","format":"standard","meta":{"footnotes":""},"categories":[248],"tags":[],"post_folder":[],"class_list":["post-7322","post","type-post","status-publish","format-standard","has-post-thumbnail","hentry","category-social-et-solidaire"],"_links":{"self":[{"href":"https:\/\/radio-aviva.com\/perpignan\/wp-json\/wp\/v2\/posts\/7322","targetHints":{"allow":["GET"]}}],"collection":[{"href":"https:\/\/radio-aviva.com\/perpignan\/wp-json\/wp\/v2\/posts"}],"about":[{"href":"https:\/\/radio-aviva.com\/perpignan\/wp-json\/wp\/v2\/types\/post"}],"author":[{"embeddable":true,"href":"https:\/\/radio-aviva.com\/perpignan\/wp-json\/wp\/v2\/users\/337"}],"replies":[{"embeddable":true,"href":"https:\/\/radio-aviva.com\/perpignan\/wp-json\/wp\/v2\/comments?post=7322"}],"version-history":[{"count":0,"href":"https:\/\/radio-aviva.com\/perpignan\/wp-json\/wp\/v2\/posts\/7322\/revisions"}],"wp:featuredmedia":[{"embeddable":true,"href":"https:\/\/radio-aviva.com\/perpignan\/wp-json\/wp\/v2\/media\/7328"}],"wp:attachment":[{"href":"https:\/\/radio-aviva.com\/perpignan\/wp-json\/wp\/v2\/media?parent=7322"}],"wp:term":[{"taxonomy":"category","embeddable":true,"href":"https:\/\/radio-aviva.com\/perpignan\/wp-json\/wp\/v2\/categories?post=7322"},{"taxonomy":"post_tag","embeddable":true,"href":"https:\/\/radio-aviva.com\/perpignan\/wp-json\/wp\/v2\/tags?post=7322"},{"taxonomy":"post_folder","embeddable":true,"href":"https:\/\/radio-aviva.com\/perpignan\/wp-json\/wp\/v2\/post_folder?post=7322"}],"curies":[{"name":"wp","href":"https:\/\/api.w.org\/{rel}","templated":true}]}}