{"id":8855,"date":"2024-04-16T15:06:17","date_gmt":"2024-04-16T13:06:17","guid":{"rendered":"https:\/\/radio-aviva.com\/perpignan\/2024\/04\/16\/elementor-25873\/"},"modified":"2024-04-18T12:34:20","modified_gmt":"2024-04-18T10:34:20","slug":"elementor-25873","status":"publish","type":"post","link":"https:\/\/radio-aviva.com\/perpignan\/2024\/04\/16\/elementor-25873\/","title":{"rendered":"FoirExpo de Printemps \u00e0 Perpignan"},"content":{"rendered":"\t\t<div data-elementor-type=\"wp-post\" data-elementor-id=\"8855\" class=\"elementor elementor-8855\">\n\t\t\t\t\t\t<section class=\"elementor-section elementor-top-section elementor-element elementor-element-25c825d4 elementor-section-boxed elementor-section-height-default elementor-section-height-default\" data-id=\"25c825d4\" data-element_type=\"section\" data-e-type=\"section\">\n\t\t\t\t\t\t<div class=\"elementor-container elementor-column-gap-default\">\n\t\t\t\t\t<div class=\"elementor-column elementor-col-100 elementor-top-column elementor-element elementor-element-3b122704\" data-id=\"3b122704\" data-element_type=\"column\" data-e-type=\"column\">\n\t\t\t<div class=\"elementor-widget-wrap elementor-element-populated\">\n\t\t\t\t\t\t<div class=\"elementor-element elementor-element-68123778 elementor-widget elementor-widget-text-editor\" data-id=\"68123778\" data-element_type=\"widget\" data-e-type=\"widget\" data-widget_type=\"text-editor.default\">\n\t\t\t\t<div class=\"elementor-widget-container\">\n\t\t\t\t\t\t\t\t\t<p style=\"box-sizing: inherit; margin-bottom: 0px; font-size: 20px; color: rgba(0, 0, 0, 0.9); font-family: -apple-system, system-ui, BlinkMacSystemFont, &quot;Segoe UI&quot;, Roboto, &quot;Helvetica Neue&quot;, &quot;Fira Sans&quot;, Ubuntu, Oxygen, &quot;Oxygen Sans&quot;, Cantarell, &quot;Droid Sans&quot;, &quot;Apple Color Emoji&quot;, &quot;Segoe UI Emoji&quot;, &quot;Segoe UI Emoji&quot;, &quot;Segoe UI Symbol&quot;, &quot;Lucida Grande&quot;, Helvetica, Arial, sans-serif;\"><strong style=\"box-sizing: inherit;\">Radio Aviva Perpignan<\/strong>&nbsp;\u00e9tait pr\u00e9sente en direct et en public de la&nbsp;<strong style=\"box-sizing: inherit;\">39e Foire de Printemps&nbsp;<\/strong>au \ud835\udde3\ud835\uddee\ud835\uddff\ud835\uddf0 \ud835\uddf1\ud835\uddf2\ud835\ude00 \ud835\uddf2\ud835\ude05\ud835\uddfd\ud835\uddfc\ud835\ude00\ud835\uddf6\ud835\ude01\ud835\uddf6\ud835\uddfc\ud835\uddfb\ud835\ude00.<\/p><p style=\"box-sizing: inherit; margin-bottom: 0px; font-size: 20px; color: rgba(0, 0, 0, 0.9); font-family: -apple-system, system-ui, BlinkMacSystemFont, &quot;Segoe UI&quot;, Roboto, &quot;Helvetica Neue&quot;, &quot;Fira Sans&quot;, Ubuntu, Oxygen, &quot;Oxygen Sans&quot;, Cantarell, &quot;Droid Sans&quot;, &quot;Apple Color Emoji&quot;, &quot;Segoe UI Emoji&quot;, &quot;Segoe UI Emoji&quot;, &quot;Segoe UI Symbol&quot;, &quot;Lucida Grande&quot;, Helvetica, Arial, sans-serif;\"><br style=\"box-sizing: inherit;\"\/><\/p><p style=\"box-sizing: inherit; margin-bottom: 0px; font-size: 20px; color: rgba(0, 0, 0, 0.9); font-family: -apple-system, system-ui, BlinkMacSystemFont, &quot;Segoe UI&quot;, Roboto, &quot;Helvetica Neue&quot;, &quot;Fira Sans&quot;, Ubuntu, Oxygen, &quot;Oxygen Sans&quot;, Cantarell, &quot;Droid Sans&quot;, &quot;Apple Color Emoji&quot;, &quot;Segoe UI Emoji&quot;, &quot;Segoe UI Emoji&quot;, &quot;Segoe UI Symbol&quot;, &quot;Lucida Grande&quot;, Helvetica, Arial, sans-serif;\">Un \u00e9v\u00e8nement incontournable du territoire qui a \u00e9t\u00e9 l\u2019occasion de \ud835\ude03\ud835\uddfc\ud835\ude02\ud835\ude00 rencontrer et de partager \ud835\uddf2\ud835\uddfb\ud835\ude00\ud835\uddf2\ud835\uddfa\ud835\uddef\ud835\uddf9\ud835\uddf2 des moments uniques et enrichissants avec le public et les acteurs de tous les dynamismes locaux.<\/p><p style=\"box-sizing: inherit; margin-bottom: 0px; font-size: 20px; color: rgba(0, 0, 0, 0.9); font-family: -apple-system, system-ui, BlinkMacSystemFont, &quot;Segoe UI&quot;, Roboto, &quot;Helvetica Neue&quot;, &quot;Fira Sans&quot;, Ubuntu, Oxygen, &quot;Oxygen Sans&quot;, Cantarell, &quot;Droid Sans&quot;, &quot;Apple Color Emoji&quot;, &quot;Segoe UI Emoji&quot;, &quot;Segoe UI Emoji&quot;, &quot;Segoe UI Symbol&quot;, &quot;Lucida Grande&quot;, Helvetica, Arial, sans-serif;\"><br style=\"box-sizing: inherit;\"\/><\/p><p style=\"box-sizing: inherit; margin-bottom: 0px; font-size: 20px; color: rgba(0, 0, 0, 0.9); font-family: -apple-system, system-ui, BlinkMacSystemFont, &quot;Segoe UI&quot;, Roboto, &quot;Helvetica Neue&quot;, &quot;Fira Sans&quot;, Ubuntu, Oxygen, &quot;Oxygen Sans&quot;, Cantarell, &quot;Droid Sans&quot;, &quot;Apple Color Emoji&quot;, &quot;Segoe UI Emoji&quot;, &quot;Segoe UI Emoji&quot;, &quot;Segoe UI Symbol&quot;, &quot;Lucida Grande&quot;, Helvetica, Arial, sans-serif;\">\ud835\udff1 \ud835\uddf7\ud835\uddfc\ud835\ude02\ud835\uddff\ud835\ude00 \ud835\uddf2\ud835\ude05\ud835\uddf0\ud835\uddf2\ud835\uddfd\ud835\ude01\ud835\uddf6\ud835\uddfc\ud835\uddfb\ud835\uddfb\ud835\uddf2\ud835\uddf9\ud835\ude00 de rencontres \ud835\uddf2\ud835\uddfb \ud835\uddf1\ud835\uddf6\ud835\uddff\ud835\uddf2\ud835\uddf0\ud835\ude01 \ud835\uddf2\ud835\ude01 \ud835\uddf2\ud835\uddfb \ud835\uddfd\ud835\ude02\ud835\uddef\ud835\uddf9\ud835\uddf6\ud835\uddf0 au Parc des expositions de Perpignan : des interviews inspirantes, des rencontres passionnantes et des perspectives radiophoniques enthousiasmantes.<\/p><p style=\"box-sizing: inherit; margin-bottom: 0px; font-size: 20px; color: rgba(0, 0, 0, 0.9); font-family: -apple-system, system-ui, BlinkMacSystemFont, &quot;Segoe UI&quot;, Roboto, &quot;Helvetica Neue&quot;, &quot;Fira Sans&quot;, Ubuntu, Oxygen, &quot;Oxygen Sans&quot;, Cantarell, &quot;Droid Sans&quot;, &quot;Apple Color Emoji&quot;, &quot;Segoe UI Emoji&quot;, &quot;Segoe UI Emoji&quot;, &quot;Segoe UI Symbol&quot;, &quot;Lucida Grande&quot;, Helvetica, Arial, sans-serif;\"><br style=\"box-sizing: inherit;\"\/><\/p><p style=\"box-sizing: inherit; margin-bottom: 0px; font-size: 20px; color: rgba(0, 0, 0, 0.9); font-family: -apple-system, system-ui, BlinkMacSystemFont, &quot;Segoe UI&quot;, Roboto, &quot;Helvetica Neue&quot;, &quot;Fira Sans&quot;, Ubuntu, Oxygen, &quot;Oxygen Sans&quot;, Cantarell, &quot;Droid Sans&quot;, &quot;Apple Color Emoji&quot;, &quot;Segoe UI Emoji&quot;, &quot;Segoe UI Emoji&quot;, &quot;Segoe UI Symbol&quot;, &quot;Lucida Grande&quot;, Helvetica, Arial, sans-serif;\">Durant ces journ\u00e9es et nocturnes anim\u00e9es, c\u2019est toute&nbsp;l\u2019\u00e9quipe de Radio Aviva qui est venue \u00e0 votre rencontre pour mettre en lumi\u00e8re l\u2019artisanat, l\u2019\u00e9conomie, les nouvelles technologies et tous les savoir-faire qui font rayonner Perpignan et le d\u00e9partement.<\/p><p style=\"box-sizing: inherit; margin-bottom: 0px; font-size: 20px; color: rgba(0, 0, 0, 0.9); font-family: -apple-system, system-ui, BlinkMacSystemFont, &quot;Segoe UI&quot;, Roboto, &quot;Helvetica Neue&quot;, &quot;Fira Sans&quot;, Ubuntu, Oxygen, &quot;Oxygen Sans&quot;, Cantarell, &quot;Droid Sans&quot;, &quot;Apple Color Emoji&quot;, &quot;Segoe UI Emoji&quot;, &quot;Segoe UI Emoji&quot;, &quot;Segoe UI Symbol&quot;, &quot;Lucida Grande&quot;, Helvetica, Arial, sans-serif;\"><br style=\"box-sizing: inherit;\"\/><\/p><p style=\"box-sizing: inherit; margin-bottom: 0px; font-size: 20px; color: rgba(0, 0, 0, 0.9); font-family: -apple-system, system-ui, BlinkMacSystemFont, &quot;Segoe UI&quot;, Roboto, &quot;Helvetica Neue&quot;, &quot;Fira Sans&quot;, Ubuntu, Oxygen, &quot;Oxygen Sans&quot;, Cantarell, &quot;Droid Sans&quot;, &quot;Apple Color Emoji&quot;, &quot;Segoe UI Emoji&quot;, &quot;Segoe UI Emoji&quot;, &quot;Segoe UI Symbol&quot;, &quot;Lucida Grande&quot;, Helvetica, Arial, sans-serif;\">Nous tenons \u00e0 remercier chaleureusement toutes celles et tous ceux qui sont venus nous rencontrer lors de cet \u00e9v\u00e9nement, ainsi que nos partenaires et les organisateurs pour leur fantastique accueil. En attendant la prochaine \u00e9dition, restez \u00e0 l\u2019\u00e9coute de Radio Aviva Perpignan pour ne manquer aucune de nos \u00e9missions locales et aucun de nos \u00e9v\u00e8nements sur le terrain.<\/p><p style=\"box-sizing: inherit; margin-bottom: 0px; font-size: 20px; color: rgba(0, 0, 0, 0.9); font-family: -apple-system, system-ui, BlinkMacSystemFont, &quot;Segoe UI&quot;, Roboto, &quot;Helvetica Neue&quot;, &quot;Fira Sans&quot;, Ubuntu, Oxygen, &quot;Oxygen Sans&quot;, Cantarell, &quot;Droid Sans&quot;, &quot;Apple Color Emoji&quot;, &quot;Segoe UI Emoji&quot;, &quot;Segoe UI Emoji&quot;, &quot;Segoe UI Symbol&quot;, &quot;Lucida Grande&quot;, Helvetica, Arial, sans-serif;\"><br style=\"box-sizing: inherit;\"\/><\/p><p style=\"box-sizing: inherit; margin-bottom: 0px; font-size: 20px; color: rgba(0, 0, 0, 0.9); font-family: -apple-system, system-ui, BlinkMacSystemFont, &quot;Segoe UI&quot;, Roboto, &quot;Helvetica Neue&quot;, &quot;Fira Sans&quot;, Ubuntu, Oxygen, &quot;Oxygen Sans&quot;, Cantarell, &quot;Droid Sans&quot;, &quot;Apple Color Emoji&quot;, &quot;Segoe UI Emoji&quot;, &quot;Segoe UI Emoji&quot;, &quot;Segoe UI Symbol&quot;, &quot;Lucida Grande&quot;, Helvetica, Arial, sans-serif;\">\u00c0 bient\u00f4t sur nos ondes ! En DAB+, sur notre application mobile, notre site internet et sur enceintes connect\u00e9es !<\/p><p style=\"box-sizing: inherit; margin-bottom: 0px; font-size: 20px; color: rgba(0, 0, 0, 0.9); font-family: -apple-system, system-ui, BlinkMacSystemFont, &quot;Segoe UI&quot;, Roboto, &quot;Helvetica Neue&quot;, &quot;Fira Sans&quot;, Ubuntu, Oxygen, &quot;Oxygen Sans&quot;, Cantarell, &quot;Droid Sans&quot;, &quot;Apple Color Emoji&quot;, &quot;Segoe UI Emoji&quot;, &quot;Segoe UI Emoji&quot;, &quot;Segoe UI Symbol&quot;, &quot;Lucida Grande&quot;, Helvetica, Arial, sans-serif;\"><br style=\"box-sizing: inherit;\"\/><\/p><p style=\"box-sizing: inherit; font-size: 20px; color: rgba(0, 0, 0, 0.9); font-family: -apple-system, system-ui, BlinkMacSystemFont, &quot;Segoe UI&quot;, Roboto, &quot;Helvetica Neue&quot;, &quot;Fira Sans&quot;, Ubuntu, Oxygen, &quot;Oxygen Sans&quot;, Cantarell, &quot;Droid Sans&quot;, &quot;Apple Color Emoji&quot;, &quot;Segoe UI Emoji&quot;, &quot;Segoe UI Emoji&quot;, &quot;Segoe UI Symbol&quot;, &quot;Lucida Grande&quot;, Helvetica, Arial, sans-serif;\">L\u2019\u00e9quipe de \ud835\udde5\ud835\uddee\ud835\uddf1\ud835\uddf6\ud835\uddfc \ud835\uddd4\ud835\ude03\ud835\uddf6\ud835\ude03\ud835\uddee \ud835\udde3\ud835\uddf2\ud835\uddff\ud835\uddfd\ud835\uddf6\ud835\uddf4\ud835\uddfb\ud835\uddee\ud835\uddfb<\/p>\t\t\t\t\t\t\t\t<\/div>\n\t\t\t\t<\/div>\n\t\t\t\t\t<\/div>\n\t\t<\/div>\n\t\t\t\t\t<\/div>\n\t\t<\/section>\n\t\t\t\t<section class=\"elementor-section elementor-top-section elementor-element elementor-element-a6fee24 elementor-section-boxed elementor-section-height-default elementor-section-height-default\" data-id=\"a6fee24\" data-element_type=\"section\" data-e-type=\"section\">\n\t\t\t\t\t\t<div class=\"elementor-container elementor-column-gap-default\">\n\t\t\t\t\t<div class=\"elementor-column elementor-col-100 elementor-top-column elementor-element elementor-element-f74508c\" data-id=\"f74508c\" data-element_type=\"column\" data-e-type=\"column\">\n\t\t\t<div class=\"elementor-widget-wrap elementor-element-populated\">\n\t\t\t\t\t\t<div class=\"elementor-element elementor-element-f5a0de5 elementor-widget elementor-widget-proradio-elementor-gallery\" data-id=\"f5a0de5\" data-element_type=\"widget\" data-e-type=\"widget\" data-widget_type=\"proradio-elementor-gallery.default\">\n\t\t\t\t<div class=\"elementor-widget-container\">\n\t\t\t\t\t\t\t\t\t<div class=\"proradio-gallery proradio-sproradio-squared-m\">\n\t\t\t\t\t\t\t\t\t\t\t\t<a rel=\"prgallery--prgalleryfebf\" href=\"\" class=\"proradio-gallery__item\">\n\t\t\t\t\t\t\t\t<img decoding=\"async\" src=\"\" alt=\"\">\n\t\t\t\t\t\t\t<\/a>\n\t\t\t\t\t\t\t\t\t\t\t\t\t\t<a rel=\"prgallery--prgalleryfebf\" href=\"\" class=\"proradio-gallery__item\">\n\t\t\t\t\t\t\t\t<img decoding=\"async\" src=\"\" alt=\"\">\n\t\t\t\t\t\t\t<\/a>\n\t\t\t\t\t\t\t\t\t\t\t\t\t\t<a rel=\"prgallery--prgalleryfebf\" href=\"\" class=\"proradio-gallery__item\">\n\t\t\t\t\t\t\t\t<img decoding=\"async\" src=\"\" alt=\"\">\n\t\t\t\t\t\t\t<\/a>\n\t\t\t\t\t\t\t\t\t\t\t\t\t\t<a rel=\"prgallery--prgalleryfebf\" href=\"\" class=\"proradio-gallery__item\">\n\t\t\t\t\t\t\t\t<img decoding=\"async\" src=\"\" alt=\"\">\n\t\t\t\t\t\t\t<\/a>\n\t\t\t\t\t\t\t\t\t\t\t\t\t\t<a rel=\"prgallery--prgalleryfebf\" href=\"\" class=\"proradio-gallery__item\">\n\t\t\t\t\t\t\t\t<img decoding=\"async\" src=\"\" alt=\"\">\n\t\t\t\t\t\t\t<\/a>\n\t\t\t\t\t\t\t\t\t\t\t\t\t\t<a rel=\"prgallery--prgalleryfebf\" href=\"\" class=\"proradio-gallery__item\">\n\t\t\t\t\t\t\t\t<img decoding=\"async\" src=\"\" alt=\"\">\n\t\t\t\t\t\t\t<\/a>\n\t\t\t\t\t\t\t\t\t\t\t\t\t\t<a rel=\"prgallery--prgalleryfebf\" href=\"\" class=\"proradio-gallery__item\">\n\t\t\t\t\t\t\t\t<img decoding=\"async\" src=\"\" alt=\"\">\n\t\t\t\t\t\t\t<\/a>\n\t\t\t\t\t\t\t\t\t\t\t\t\t\t<a rel=\"prgallery--prgalleryfebf\" href=\"\" class=\"proradio-gallery__item\">\n\t\t\t\t\t\t\t\t<img decoding=\"async\" src=\"\" alt=\"\">\n\t\t\t\t\t\t\t<\/a>\n\t\t\t\t\t\t\t\t\t\t\t\t\t\t<a rel=\"prgallery--prgalleryfebf\" href=\"\" class=\"proradio-gallery__item\">\n\t\t\t\t\t\t\t\t<img decoding=\"async\" src=\"\" alt=\"\">\n\t\t\t\t\t\t\t<\/a>\n\t\t\t\t\t\t\t\t\t\t\t\t\t\t<a rel=\"prgallery--prgalleryfebf\" href=\"\" class=\"proradio-gallery__item\">\n\t\t\t\t\t\t\t\t<img decoding=\"async\" src=\"\" alt=\"\">\n\t\t\t\t\t\t\t<\/a>\n\t\t\t\t\t\t\t\t\t\t\t\t\t\t<a rel=\"prgallery--prgalleryfebf\" href=\"\" class=\"proradio-gallery__item\">\n\t\t\t\t\t\t\t\t<img decoding=\"async\" src=\"\" alt=\"\">\n\t\t\t\t\t\t\t<\/a>\n\t\t\t\t\t\t\t\t\t\t\t\t\t\t<a rel=\"prgallery--prgalleryfebf\" href=\"\" class=\"proradio-gallery__item\">\n\t\t\t\t\t\t\t\t<img decoding=\"async\" src=\"\" alt=\"\">\n\t\t\t\t\t\t\t<\/a>\n\t\t\t\t\t\t\t\t\t\t\t\t\t\t<a rel=\"prgallery--prgalleryfebf\" href=\"\" class=\"proradio-gallery__item\">\n\t\t\t\t\t\t\t\t<img decoding=\"async\" src=\"\" alt=\"\">\n\t\t\t\t\t\t\t<\/a>\n\t\t\t\t\t\t\t\t\t\t\t\t\t\t<a rel=\"prgallery--prgalleryfebf\" href=\"\" class=\"proradio-gallery__item\">\n\t\t\t\t\t\t\t\t<img decoding=\"async\" src=\"\" alt=\"\">\n\t\t\t\t\t\t\t<\/a>\n\t\t\t\t\t\t\t\t\t\t\t\t\t\t<a rel=\"prgallery--prgalleryfebf\" href=\"\" class=\"proradio-gallery__item\">\n\t\t\t\t\t\t\t\t<img decoding=\"async\" src=\"\" alt=\"\">\n\t\t\t\t\t\t\t<\/a>\n\t\t\t\t\t\t\t\t\t\t\t\t\t\t<a rel=\"prgallery--prgalleryfebf\" href=\"\" class=\"proradio-gallery__item\">\n\t\t\t\t\t\t\t\t<img decoding=\"async\" src=\"\" alt=\"\">\n\t\t\t\t\t\t\t<\/a>\n\t\t\t\t\t\t\t\t\t\t\t\t\t\t<a rel=\"prgallery--prgalleryfebf\" href=\"\" class=\"proradio-gallery__item\">\n\t\t\t\t\t\t\t\t<img decoding=\"async\" src=\"\" alt=\"\">\n\t\t\t\t\t\t\t<\/a>\n\t\t\t\t\t\t\t\t\t\t\t\t\t\t<a rel=\"prgallery--prgalleryfebf\" href=\"\" class=\"proradio-gallery__item\">\n\t\t\t\t\t\t\t\t<img decoding=\"async\" src=\"\" alt=\"\">\n\t\t\t\t\t\t\t<\/a>\n\t\t\t\t\t\t\t\t\t\t\t\t\t\t<a rel=\"prgallery--prgalleryfebf\" href=\"\" class=\"proradio-gallery__item\">\n\t\t\t\t\t\t\t\t<img decoding=\"async\" src=\"\" alt=\"\">\n\t\t\t\t\t\t\t<\/a>\n\t\t\t\t\t\t\t\t\t\t\t\t\t\t<a rel=\"prgallery--prgalleryfebf\" href=\"\" class=\"proradio-gallery__item\">\n\t\t\t\t\t\t\t\t<img decoding=\"async\" src=\"\" alt=\"\">\n\t\t\t\t\t\t\t<\/a>\n\t\t\t\t\t\t\t\t\t\t\t\t\t\t<a rel=\"prgallery--prgalleryfebf\" href=\"\" class=\"proradio-gallery__item\">\n\t\t\t\t\t\t\t\t<img decoding=\"async\" src=\"\" alt=\"\">\n\t\t\t\t\t\t\t<\/a>\n\t\t\t\t\t\t\t\t\t\t\t<\/div>\n\t\t\t\t\t\t\t<\/div>\n\t\t\t\t<\/div>\n\t\t\t\t\t<\/div>\n\t\t<\/div>\n\t\t\t\t\t<\/div>\n\t\t<\/section>\n\t\t\t\t<\/div>\n\t\t","protected":false},"excerpt":{"rendered":"<p>Radio Aviva Perpignan \u00e9tait pr\u00e9sente \u00e0 la 39\u00e8me Foire de Printemps. Un \u00e9v\u00e8nement incontournable du territoire qui a \u00e9t\u00e9 l\u2019occasion de vous rencontrer, et de partager des moments uniques et enrichissants avec le public et les acteurs de tous les dynamismes locaux 5 jours exceptionnels de rencontres en direct et ...<\/p>\n","protected":false},"author":333,"featured_media":8872,"comment_status":"closed","ping_status":"closed","sticky":false,"template":"","format":"standard","meta":{"footnotes":""},"categories":[296,297,112],"tags":[],"post_folder":[],"class_list":["post-8855","post","type-post","status-publish","format-standard","has-post-thumbnail","hentry","category-actualite","category-exposition","category-perpignan"],"_links":{"self":[{"href":"https:\/\/radio-aviva.com\/perpignan\/wp-json\/wp\/v2\/posts\/8855","targetHints":{"allow":["GET"]}}],"collection":[{"href":"https:\/\/radio-aviva.com\/perpignan\/wp-json\/wp\/v2\/posts"}],"about":[{"href":"https:\/\/radio-aviva.com\/perpignan\/wp-json\/wp\/v2\/types\/post"}],"author":[{"embeddable":true,"href":"https:\/\/radio-aviva.com\/perpignan\/wp-json\/wp\/v2\/users\/333"}],"replies":[{"embeddable":true,"href":"https:\/\/radio-aviva.com\/perpignan\/wp-json\/wp\/v2\/comments?post=8855"}],"version-history":[{"count":0,"href":"https:\/\/radio-aviva.com\/perpignan\/wp-json\/wp\/v2\/posts\/8855\/revisions"}],"wp:featuredmedia":[{"embeddable":true,"href":"https:\/\/radio-aviva.com\/perpignan\/wp-json\/wp\/v2\/media\/8872"}],"wp:attachment":[{"href":"https:\/\/radio-aviva.com\/perpignan\/wp-json\/wp\/v2\/media?parent=8855"}],"wp:term":[{"taxonomy":"category","embeddable":true,"href":"https:\/\/radio-aviva.com\/perpignan\/wp-json\/wp\/v2\/categories?post=8855"},{"taxonomy":"post_tag","embeddable":true,"href":"https:\/\/radio-aviva.com\/perpignan\/wp-json\/wp\/v2\/tags?post=8855"},{"taxonomy":"post_folder","embeddable":true,"href":"https:\/\/radio-aviva.com\/perpignan\/wp-json\/wp\/v2\/post_folder?post=8855"}],"curies":[{"name":"wp","href":"https:\/\/api.w.org\/{rel}","templated":true}]}}