{"id":9858,"date":"2024-09-21T13:00:15","date_gmt":"2024-09-21T11:00:15","guid":{"rendered":"https:\/\/radio-aviva.com\/perpignan\/?p=9858"},"modified":"2024-11-15T15:17:26","modified_gmt":"2024-11-15T14:17:26","slug":"matrimoine-66-un-jour-une-vie","status":"publish","type":"post","link":"https:\/\/radio-aviva.com\/perpignan\/2024\/09\/21\/matrimoine-66-un-jour-une-vie\/","title":{"rendered":"Matrimoine 66 : Un jour, une vie"},"content":{"rendered":"<p><strong>66 femmes des Pyr\u00e9n\u00e9es Orientales :<\/strong> d\u00e9couvrez les 66 destins qui ont marqu\u00e9 notre territoire.<\/p>\n<p>C\u00e9l\u00e8bres ou inconnues, les femmes catalanes ont profond\u00e9ment marqu\u00e9 l&rsquo;histoire et la g\u00e9ographie de la Catalogne Nord et ont transmis un riche h\u00e9ritage, de la pr\u00e9histoire \u00e0 nos jours. Le livre \u00ab\u00a0Matrimoine catalan, 66 femmes\u00a0\u00bb, initi\u00e9 par l&rsquo;association IDEM question de genre, les a mises en lumi\u00e8re.<\/p>\n<p>En partenariat avec Radio Aviva, et pendant 66 jours, ces 66 portraits inspirants seront pr\u00e9sent\u00e9s sur les ondes et en podcast, \u00e0 partir du 21 septembre 2024, \u00e0 destination d\u2019un large public.<\/p>\n<p>D\u00e9couvrez les portraits de ces femmes dans les podcasts ci-dessous :<\/p>\n<blockquote class=\"wp-embedded-content\" data-secret=\"fvbSsY9kUJ\"><p><a href=\"https:\/\/radio-aviva.com\/perpignan\/podcast\/matrimoine-66-francoise-birkui-charge-de-developpement\/\">MATRIMOINE 66 &#8211; FRANCOISE BIRKUI, CHARG\u00c9E DE D\u00c9VELOPPEMENT, IDEM QUESTION DE GENRE<\/a><\/p><\/blockquote>\n<p><iframe class=\"wp-embedded-content\" sandbox=\"allow-scripts\" security=\"restricted\" style=\"position: absolute; visibility: hidden;\" title=\"\u00ab\u00a0MATRIMOINE 66 &#8211; FRANCOISE BIRKUI, CHARG\u00c9E DE D\u00c9VELOPPEMENT, IDEM QUESTION DE GENRE\u00a0\u00bb &#8212; Radio Aviva Perpignan\" src=\"https:\/\/radio-aviva.com\/perpignan\/podcast\/matrimoine-66-francoise-birkui-charge-de-developpement\/embed\/#?secret=ilPKWUeZZ7#?secret=fvbSsY9kUJ\" data-secret=\"fvbSsY9kUJ\" width=\"600\" height=\"338\" frameborder=\"0\" marginwidth=\"0\" marginheight=\"0\" scrolling=\"no\"><\/iframe><\/p>\n<blockquote class=\"wp-embedded-content\" data-secret=\"YZZ5hbZ00v\"><p><a href=\"https:\/\/radio-aviva.com\/perpignan\/podcast\/arago-2-la-femme-de-tautavel\/\">ARAGO 2, la femme de Tautavel<\/a><\/p><\/blockquote>\n<p><iframe class=\"wp-embedded-content\" sandbox=\"allow-scripts\" security=\"restricted\" style=\"position: absolute; visibility: hidden;\" title=\"\u00ab\u00a0ARAGO 2, la femme de Tautavel\u00a0\u00bb &#8212; Radio Aviva Perpignan\" src=\"https:\/\/radio-aviva.com\/perpignan\/podcast\/arago-2-la-femme-de-tautavel\/embed\/#?secret=jQwC3Pi6Jh#?secret=YZZ5hbZ00v\" data-secret=\"YZZ5hbZ00v\" width=\"600\" height=\"338\" frameborder=\"0\" marginwidth=\"0\" marginheight=\"0\" scrolling=\"no\"><\/iframe><\/p>\n<blockquote class=\"wp-embedded-content\" data-secret=\"LeNdztPPYN\"><p><a href=\"https:\/\/radio-aviva.com\/perpignan\/podcast\/saurimunda-une-legende-damour\/\">SAURIMUNDA, une l\u00e9gende d&rsquo;amour<\/a><\/p><\/blockquote>\n<p><iframe class=\"wp-embedded-content\" sandbox=\"allow-scripts\" security=\"restricted\" style=\"position: absolute; visibility: hidden;\" title=\"\u00ab\u00a0SAURIMUNDA, une l\u00e9gende d&rsquo;amour\u00a0\u00bb &#8212; Radio Aviva Perpignan\" src=\"https:\/\/radio-aviva.com\/perpignan\/podcast\/saurimunda-une-legende-damour\/embed\/#?secret=HePxkVAJRZ#?secret=LeNdztPPYN\" data-secret=\"LeNdztPPYN\" width=\"600\" height=\"338\" frameborder=\"0\" marginwidth=\"0\" marginheight=\"0\" scrolling=\"no\"><\/iframe><\/p>\n<blockquote class=\"wp-embedded-content\" data-secret=\"NVr0yiyGX6\"><p><a href=\"https:\/\/radio-aviva.com\/perpignan\/podcast\/ava-de-fenollet-les-choix-de-vie-dune-heritiere\/\">AVA DE FENOLLET, les choix de vie d&rsquo;une h\u00e9riti\u00e8re<\/a><\/p><\/blockquote>\n<p><iframe class=\"wp-embedded-content\" sandbox=\"allow-scripts\" security=\"restricted\" style=\"position: absolute; visibility: hidden;\" title=\"\u00ab\u00a0AVA DE FENOLLET, les choix de vie d&rsquo;une h\u00e9riti\u00e8re\u00a0\u00bb &#8212; Radio Aviva Perpignan\" src=\"https:\/\/radio-aviva.com\/perpignan\/podcast\/ava-de-fenollet-les-choix-de-vie-dune-heritiere\/embed\/#?secret=ajIowXy8MV#?secret=NVr0yiyGX6\" data-secret=\"NVr0yiyGX6\" width=\"600\" height=\"338\" frameborder=\"0\" marginwidth=\"0\" marginheight=\"0\" scrolling=\"no\"><\/iframe><\/p>\n<blockquote class=\"wp-embedded-content\" data-secret=\"dgM1GfbBmE\"><p><a href=\"https:\/\/radio-aviva.com\/perpignan\/podcast\/esclarmonde-de-foix-premiere-reine-de-mallorca\/\">ESCLARMONDE DE FOIX, premi\u00e8re reine de Mallorca<\/a><\/p><\/blockquote>\n<p><iframe class=\"wp-embedded-content\" sandbox=\"allow-scripts\" security=\"restricted\" style=\"position: absolute; visibility: hidden;\" title=\"\u00ab\u00a0ESCLARMONDE DE FOIX, premi\u00e8re reine de Mallorca\u00a0\u00bb &#8212; Radio Aviva Perpignan\" src=\"https:\/\/radio-aviva.com\/perpignan\/podcast\/esclarmonde-de-foix-premiere-reine-de-mallorca\/embed\/#?secret=rSR4th4mii#?secret=dgM1GfbBmE\" data-secret=\"dgM1GfbBmE\" width=\"600\" height=\"338\" frameborder=\"0\" marginwidth=\"0\" marginheight=\"0\" scrolling=\"no\"><\/iframe><\/p>\n<blockquote class=\"wp-embedded-content\" data-secret=\"JvoZddWpaL\"><p><a href=\"https:\/\/radio-aviva.com\/perpignan\/podcast\/anna-maria-antigo-la-premiere-abbesse\/\">ANNA MARIA ANTIGO, la premi\u00e8re abbesse<\/a><\/p><\/blockquote>\n<p><iframe class=\"wp-embedded-content\" sandbox=\"allow-scripts\" security=\"restricted\" style=\"position: absolute; visibility: hidden;\" title=\"\u00ab\u00a0ANNA MARIA ANTIGO, la premi\u00e8re abbesse\u00a0\u00bb &#8212; Radio Aviva Perpignan\" src=\"https:\/\/radio-aviva.com\/perpignan\/podcast\/anna-maria-antigo-la-premiere-abbesse\/embed\/#?secret=DGgXhiQupA#?secret=JvoZddWpaL\" data-secret=\"JvoZddWpaL\" width=\"600\" height=\"338\" frameborder=\"0\" marginwidth=\"0\" marginheight=\"0\" scrolling=\"no\"><\/iframe><\/p>\n<blockquote class=\"wp-embedded-content\" data-secret=\"xBWkeARgzD\"><p><a href=\"https:\/\/radio-aviva.com\/perpignan\/podcast\/catarina-servanda-une-sorciere-survivante\/\">CATARINA SERVANDA, une sorci\u00e8re survivante<\/a><\/p><\/blockquote>\n<p><iframe class=\"wp-embedded-content\" sandbox=\"allow-scripts\" security=\"restricted\" style=\"position: absolute; visibility: hidden;\" title=\"\u00ab\u00a0CATARINA SERVANDA, une sorci\u00e8re survivante\u00a0\u00bb &#8212; Radio Aviva Perpignan\" src=\"https:\/\/radio-aviva.com\/perpignan\/podcast\/catarina-servanda-une-sorciere-survivante\/embed\/#?secret=XONfgW2sqj#?secret=xBWkeARgzD\" data-secret=\"xBWkeARgzD\" width=\"600\" height=\"338\" frameborder=\"0\" marginwidth=\"0\" marginheight=\"0\" scrolling=\"no\"><\/iframe><\/p>\n<blockquote class=\"wp-embedded-content\" data-secret=\"gOZM5KhiRO\"><p><a href=\"https:\/\/radio-aviva.com\/perpignan\/podcast\/marie-therese-vaquer-la-premiere-divorcee-du-territoire\/\">MARIE TH\u00c9R\u00c8SE VAQUER, la premi\u00e8re divorc\u00e9e du territoire<\/a><\/p><\/blockquote>\n<p><iframe class=\"wp-embedded-content\" sandbox=\"allow-scripts\" security=\"restricted\" style=\"position: absolute; visibility: hidden;\" title=\"\u00ab\u00a0MARIE TH\u00c9R\u00c8SE VAQUER, la premi\u00e8re divorc\u00e9e du territoire\u00a0\u00bb &#8212; Radio Aviva Perpignan\" src=\"https:\/\/radio-aviva.com\/perpignan\/podcast\/marie-therese-vaquer-la-premiere-divorcee-du-territoire\/embed\/#?secret=HrJLD9HIcX#?secret=gOZM5KhiRO\" data-secret=\"gOZM5KhiRO\" width=\"600\" height=\"338\" frameborder=\"0\" marginwidth=\"0\" marginheight=\"0\" scrolling=\"no\"><\/iframe><\/p>\n<blockquote class=\"wp-embedded-content\" data-secret=\"RGEFPkz984\"><p><a href=\"https:\/\/radio-aviva.com\/perpignan\/podcast\/therese-figueur-une-femme-darmes\/\">TH\u00c9R\u00c8SE FIGUEUR, une femme d\u2019armes<\/a><\/p><\/blockquote>\n<p><iframe class=\"wp-embedded-content\" sandbox=\"allow-scripts\" security=\"restricted\" style=\"position: absolute; visibility: hidden;\" title=\"\u00ab\u00a0TH\u00c9R\u00c8SE FIGUEUR, une femme d\u2019armes\u00a0\u00bb &#8212; Radio Aviva Perpignan\" src=\"https:\/\/radio-aviva.com\/perpignan\/podcast\/therese-figueur-une-femme-darmes\/embed\/#?secret=Ca6X5ha2AN#?secret=RGEFPkz984\" data-secret=\"RGEFPkz984\" width=\"600\" height=\"338\" frameborder=\"0\" marginwidth=\"0\" marginheight=\"0\" scrolling=\"no\"><\/iframe><\/p>\n<blockquote class=\"wp-embedded-content\" data-secret=\"Wsd2QbVipB\"><p><a href=\"https:\/\/radio-aviva.com\/perpignan\/podcast\/louise-lombard-veuve-vilaseque-gabalda-la-pionniere-du-tourisme-balneaire\/\">Louise LOMBARD veuve VILASEQUE GABALDA, la pionni\u00e8re du tourisme baln\u00e9aire<\/a><\/p><\/blockquote>\n<p><iframe class=\"wp-embedded-content\" sandbox=\"allow-scripts\" security=\"restricted\" style=\"position: absolute; visibility: hidden;\" title=\"\u00ab\u00a0Louise LOMBARD veuve VILASEQUE GABALDA, la pionni\u00e8re du tourisme baln\u00e9aire\u00a0\u00bb &#8212; Radio Aviva Perpignan\" src=\"https:\/\/radio-aviva.com\/perpignan\/podcast\/louise-lombard-veuve-vilaseque-gabalda-la-pionniere-du-tourisme-balneaire\/embed\/#?secret=KQ8LGWtwWa#?secret=Wsd2QbVipB\" data-secret=\"Wsd2QbVipB\" width=\"600\" height=\"338\" frameborder=\"0\" marginwidth=\"0\" marginheight=\"0\" scrolling=\"no\"><\/iframe><\/p>\n<blockquote class=\"wp-embedded-content\" data-secret=\"gCUgw1WyYs\"><p><a href=\"https:\/\/radio-aviva.com\/perpignan\/podcast\/la-sororie-guinard-leducation-des-jeunes-filles\/\">La Sororie GUINARD, l&rsquo;\u00e9ducation des jeunes filles<\/a><\/p><\/blockquote>\n<p><iframe class=\"wp-embedded-content\" sandbox=\"allow-scripts\" security=\"restricted\" style=\"position: absolute; visibility: hidden;\" title=\"\u00ab\u00a0La Sororie GUINARD, l&rsquo;\u00e9ducation des jeunes filles\u00a0\u00bb &#8212; Radio Aviva Perpignan\" src=\"https:\/\/radio-aviva.com\/perpignan\/podcast\/la-sororie-guinard-leducation-des-jeunes-filles\/embed\/#?secret=va8vkCpsrZ#?secret=gCUgw1WyYs\" data-secret=\"gCUgw1WyYs\" width=\"600\" height=\"338\" frameborder=\"0\" marginwidth=\"0\" marginheight=\"0\" scrolling=\"no\"><\/iframe><\/p>\n<blockquote class=\"wp-embedded-content\" data-secret=\"Y9UpCwAT9W\"><p><a href=\"https:\/\/radio-aviva.com\/perpignan\/podcast\/zelia-renee-vidal-une-cantatrice-internationale-fidele-a-ses-origines\/\">Z\u00e9lia &#8211;  Ren\u00e9e VIDAL, une cantatrice internationale fid\u00e8le \u00e0 ses origines<\/a><\/p><\/blockquote>\n<p><iframe class=\"wp-embedded-content\" sandbox=\"allow-scripts\" security=\"restricted\" style=\"position: absolute; visibility: hidden;\" title=\"\u00ab\u00a0Z\u00e9lia &#8211;  Ren\u00e9e VIDAL, une cantatrice internationale fid\u00e8le \u00e0 ses origines\u00a0\u00bb &#8212; Radio Aviva Perpignan\" src=\"https:\/\/radio-aviva.com\/perpignan\/podcast\/zelia-renee-vidal-une-cantatrice-internationale-fidele-a-ses-origines\/embed\/#?secret=ummsBIQWtb#?secret=Y9UpCwAT9W\" data-secret=\"Y9UpCwAT9W\" width=\"600\" height=\"338\" frameborder=\"0\" marginwidth=\"0\" marginheight=\"0\" scrolling=\"no\"><\/iframe><\/p>\n<blockquote class=\"wp-embedded-content\" data-secret=\"dF1xjAIeIg\"><p><a href=\"https:\/\/radio-aviva.com\/perpignan\/podcast\/teresa-mane-i-miravet-dite-soledad-gustavo-la-militante-anarchiste\/\">Teresa MANE I MIRAVET dite Soledad GUSTAVO, la militante anarchiste<\/a><\/p><\/blockquote>\n<p><iframe class=\"wp-embedded-content\" sandbox=\"allow-scripts\" security=\"restricted\" style=\"position: absolute; visibility: hidden;\" title=\"\u00ab\u00a0Teresa MANE I MIRAVET dite Soledad GUSTAVO, la militante anarchiste\u00a0\u00bb &#8212; Radio Aviva Perpignan\" src=\"https:\/\/radio-aviva.com\/perpignan\/podcast\/teresa-mane-i-miravet-dite-soledad-gustavo-la-militante-anarchiste\/embed\/#?secret=xOysHjvxwN#?secret=dF1xjAIeIg\" data-secret=\"dF1xjAIeIg\" width=\"600\" height=\"338\" frameborder=\"0\" marginwidth=\"0\" marginheight=\"0\" scrolling=\"no\"><\/iframe><\/p>\n<blockquote class=\"wp-embedded-content\" data-secret=\"wb0dObrCiH\"><p><a href=\"https:\/\/radio-aviva.com\/perpignan\/podcast\/eve-lavalliere-une-survivante-a-3-noms-3-vies\/\">Eve LAVALLIERE, une survivante \u00e0 3 noms, 3 vies<\/a><\/p><\/blockquote>\n<p><iframe class=\"wp-embedded-content\" sandbox=\"allow-scripts\" security=\"restricted\" style=\"position: absolute; visibility: hidden;\" title=\"\u00ab\u00a0Eve LAVALLIERE, une survivante \u00e0 3 noms, 3 vies\u00a0\u00bb &#8212; Radio Aviva Perpignan\" src=\"https:\/\/radio-aviva.com\/perpignan\/podcast\/eve-lavalliere-une-survivante-a-3-noms-3-vies\/embed\/#?secret=oRZ8UVdzge#?secret=wb0dObrCiH\" data-secret=\"wb0dObrCiH\" width=\"600\" height=\"338\" frameborder=\"0\" marginwidth=\"0\" marginheight=\"0\" scrolling=\"no\"><\/iframe><\/p>\n<blockquote class=\"wp-embedded-content\" data-secret=\"tNYksuNyOR\"><p><a href=\"https:\/\/radio-aviva.com\/perpignan\/podcast\/blanche-selva-tout-pour-la-musique\/\">BLANCHE SELVA, tout pour la musique<\/a><\/p><\/blockquote>\n<p><iframe class=\"wp-embedded-content\" sandbox=\"allow-scripts\" security=\"restricted\" style=\"position: absolute; visibility: hidden;\" title=\"\u00ab\u00a0BLANCHE SELVA, tout pour la musique\u00a0\u00bb &#8212; Radio Aviva Perpignan\" src=\"https:\/\/radio-aviva.com\/perpignan\/podcast\/blanche-selva-tout-pour-la-musique\/embed\/#?secret=dOQsXecQu2#?secret=tNYksuNyOR\" data-secret=\"tNYksuNyOR\" width=\"600\" height=\"338\" frameborder=\"0\" marginwidth=\"0\" marginheight=\"0\" scrolling=\"no\"><\/iframe><\/p>\n<blockquote class=\"wp-embedded-content\" data-secret=\"D5A3QPEwA4\"><p><a href=\"https:\/\/radio-aviva.com\/perpignan\/podcast\/josephine-san-vicens-dite-la-papete\/\">JOSEPHINE SAN VICENS, dite \u00ab\u00a0la Papete\u00a0\u00bb<\/a><\/p><\/blockquote>\n<p><iframe class=\"wp-embedded-content\" sandbox=\"allow-scripts\" security=\"restricted\" style=\"position: absolute; visibility: hidden;\" title=\"\u00ab\u00a0JOSEPHINE SAN VICENS, dite \u00ab\u00a0la Papete\u00a0\u00bb\u00a0\u00bb &#8212; Radio Aviva Perpignan\" src=\"https:\/\/radio-aviva.com\/perpignan\/podcast\/josephine-san-vicens-dite-la-papete\/embed\/#?secret=9uIaBOffkT#?secret=D5A3QPEwA4\" data-secret=\"D5A3QPEwA4\" width=\"600\" height=\"338\" frameborder=\"0\" marginwidth=\"0\" marginheight=\"0\" scrolling=\"no\"><\/iframe><\/p>\n<blockquote class=\"wp-embedded-content\" data-secret=\"Plq0hbLzEy\"><p><a href=\"https:\/\/radio-aviva.com\/perpignan\/podcast\/angelique-oliva-une-lavandiere-inspiratrice\/\">ANGELIQUE OLIVA, une lavandi\u00e8re inspiratrice<\/a><\/p><\/blockquote>\n<p><iframe class=\"wp-embedded-content\" sandbox=\"allow-scripts\" security=\"restricted\" style=\"position: absolute; visibility: hidden;\" title=\"\u00ab\u00a0ANGELIQUE OLIVA, une lavandi\u00e8re inspiratrice\u00a0\u00bb &#8212; Radio Aviva Perpignan\" src=\"https:\/\/radio-aviva.com\/perpignan\/podcast\/angelique-oliva-une-lavandiere-inspiratrice\/embed\/#?secret=uDBrAyL1v9#?secret=Plq0hbLzEy\" data-secret=\"Plq0hbLzEy\" width=\"600\" height=\"338\" frameborder=\"0\" marginwidth=\"0\" marginheight=\"0\" scrolling=\"no\"><\/iframe><\/p>\n<blockquote class=\"wp-embedded-content\" data-secret=\"hXsQWaOUNQ\"><p><a href=\"https:\/\/radio-aviva.com\/perpignan\/podcast\/titayna-elisabeth-sauvy-de-laventure-a-loubli\/\">Tita\u00ffna Elisabeth Sauvy : de l\u2019aventure \u00e0 l\u2019oubli<\/a><\/p><\/blockquote>\n<p><iframe class=\"wp-embedded-content\" sandbox=\"allow-scripts\" security=\"restricted\" style=\"position: absolute; visibility: hidden;\" title=\"\u00ab\u00a0Tita\u00ffna Elisabeth Sauvy : de l\u2019aventure \u00e0 l\u2019oubli\u00a0\u00bb &#8212; Radio Aviva Perpignan\" src=\"https:\/\/radio-aviva.com\/perpignan\/podcast\/titayna-elisabeth-sauvy-de-laventure-a-loubli\/embed\/#?secret=hbat3nDjtP#?secret=hXsQWaOUNQ\" data-secret=\"hXsQWaOUNQ\" width=\"600\" height=\"338\" frameborder=\"0\" marginwidth=\"0\" marginheight=\"0\" scrolling=\"no\"><\/iframe><\/p>\n<blockquote class=\"wp-embedded-content\" data-secret=\"W5fHmIJW4h\"><p><a href=\"https:\/\/radio-aviva.com\/perpignan\/podcast\/josephine-sabate-une-lutte-exemplaire\/\">JOSEPHINE SABATE, une lutte exemplaire<\/a><\/p><\/blockquote>\n<p><iframe class=\"wp-embedded-content\" sandbox=\"allow-scripts\" security=\"restricted\" style=\"position: absolute; visibility: hidden;\" title=\"\u00ab\u00a0JOSEPHINE SABATE, une lutte exemplaire\u00a0\u00bb &#8212; Radio Aviva Perpignan\" src=\"https:\/\/radio-aviva.com\/perpignan\/podcast\/josephine-sabate-une-lutte-exemplaire\/embed\/#?secret=yzBMcoQJR7#?secret=W5fHmIJW4h\" data-secret=\"W5fHmIJW4h\" width=\"600\" height=\"338\" frameborder=\"0\" marginwidth=\"0\" marginheight=\"0\" scrolling=\"no\"><\/iframe><\/p>\n<blockquote class=\"wp-embedded-content\" data-secret=\"1787V9ShDv\"><p><a href=\"https:\/\/radio-aviva.com\/perpignan\/podcast\/francine-sabate-une-lutte-exemplaire\/\">FRANCINE SABATE, une lutte exemplaire.<\/a><\/p><\/blockquote>\n<p><iframe class=\"wp-embedded-content\" sandbox=\"allow-scripts\" security=\"restricted\" style=\"position: absolute; visibility: hidden;\" title=\"\u00ab\u00a0FRANCINE SABATE, une lutte exemplaire.\u00a0\u00bb &#8212; Radio Aviva Perpignan\" src=\"https:\/\/radio-aviva.com\/perpignan\/podcast\/francine-sabate-une-lutte-exemplaire\/embed\/#?secret=uSUYWj01lQ#?secret=1787V9ShDv\" data-secret=\"1787V9ShDv\" width=\"600\" height=\"338\" frameborder=\"0\" marginwidth=\"0\" marginheight=\"0\" scrolling=\"no\"><\/iframe><\/p>\n<blockquote class=\"wp-embedded-content\" data-secret=\"05o7Cy6wWV\"><p><a href=\"https:\/\/radio-aviva.com\/perpignan\/podcast\/odette-sabate-une-lutte-exemplaire\/\">Odette Sabat\u00e9, une lutte exemplaire<\/a><\/p><\/blockquote>\n<p><iframe class=\"wp-embedded-content\" sandbox=\"allow-scripts\" security=\"restricted\" style=\"position: absolute; visibility: hidden;\" title=\"\u00ab\u00a0Odette Sabat\u00e9, une lutte exemplaire\u00a0\u00bb &#8212; Radio Aviva Perpignan\" src=\"https:\/\/radio-aviva.com\/perpignan\/podcast\/odette-sabate-une-lutte-exemplaire\/embed\/#?secret=L4Dr32By0F#?secret=05o7Cy6wWV\" data-secret=\"05o7Cy6wWV\" width=\"600\" height=\"338\" frameborder=\"0\" marginwidth=\"0\" marginheight=\"0\" scrolling=\"no\"><\/iframe><\/p>\n<blockquote class=\"wp-embedded-content\" data-secret=\"iayd0OOzwF\"><p><a href=\"https:\/\/radio-aviva.com\/perpignan\/podcast\/simone-gay-poetesse-et-passeuse-de-culture\/\">Simone Gay, po\u00e9tesse et passeuse de culture<\/a><\/p><\/blockquote>\n<p><iframe class=\"wp-embedded-content\" sandbox=\"allow-scripts\" security=\"restricted\" style=\"position: absolute; visibility: hidden;\" title=\"\u00ab\u00a0Simone Gay, po\u00e9tesse et passeuse de culture\u00a0\u00bb &#8212; Radio Aviva Perpignan\" src=\"https:\/\/radio-aviva.com\/perpignan\/podcast\/simone-gay-poetesse-et-passeuse-de-culture\/embed\/#?secret=0319NdKCGI#?secret=iayd0OOzwF\" data-secret=\"iayd0OOzwF\" width=\"600\" height=\"338\" frameborder=\"0\" marginwidth=\"0\" marginheight=\"0\" scrolling=\"no\"><\/iframe><\/p>\n<blockquote class=\"wp-embedded-content\" data-secret=\"oZHjQNO1RU\"><p><a href=\"https:\/\/radio-aviva.com\/perpignan\/podcast\/angelique-vilaceque-la-pionniere-du-journalisme-en-roussillon\/\">Ang\u00e9lique VILACEQUE, la pionni\u00e8re du journalisme en Roussillon<\/a><\/p><\/blockquote>\n<p><iframe class=\"wp-embedded-content\" sandbox=\"allow-scripts\" security=\"restricted\" style=\"position: absolute; visibility: hidden;\" title=\"\u00ab\u00a0Ang\u00e9lique VILACEQUE, la pionni\u00e8re du journalisme en Roussillon\u00a0\u00bb &#8212; Radio Aviva Perpignan\" src=\"https:\/\/radio-aviva.com\/perpignan\/podcast\/angelique-vilaceque-la-pionniere-du-journalisme-en-roussillon\/embed\/#?secret=pcDUdtuIzY#?secret=oZHjQNO1RU\" data-secret=\"oZHjQNO1RU\" width=\"600\" height=\"338\" frameborder=\"0\" marginwidth=\"0\" marginheight=\"0\" scrolling=\"no\"><\/iframe><\/p>\n<blockquote class=\"wp-embedded-content\" data-secret=\"2hLoum1078\"><p><a href=\"https:\/\/radio-aviva.com\/perpignan\/podcast\/doette-angliviel-poetesse-au-talent-reconnu\/\">Do\u00ebtte Angliviel, po\u00e9tesse au talent reconnu<\/a><\/p><\/blockquote>\n<p><iframe class=\"wp-embedded-content\" sandbox=\"allow-scripts\" security=\"restricted\" style=\"position: absolute; visibility: hidden;\" title=\"\u00ab\u00a0Do\u00ebtte Angliviel, po\u00e9tesse au talent reconnu\u00a0\u00bb &#8212; Radio Aviva Perpignan\" src=\"https:\/\/radio-aviva.com\/perpignan\/podcast\/doette-angliviel-poetesse-au-talent-reconnu\/embed\/#?secret=QeuQyu4pMP#?secret=2hLoum1078\" data-secret=\"2hLoum1078\" width=\"600\" height=\"338\" frameborder=\"0\" marginwidth=\"0\" marginheight=\"0\" scrolling=\"no\"><\/iframe><\/p>\n<blockquote class=\"wp-embedded-content\" data-secret=\"KQJs597Igp\"><p><a href=\"https:\/\/radio-aviva.com\/perpignan\/podcast\/maria-montserrat-capdevila-doriola-une-carriere-declassee\/\">Maria Montserrat Capdevila d&rsquo;Oriola, une carri\u00e8re d\u00e9class\u00e9e<\/a><\/p><\/blockquote>\n<p><iframe class=\"wp-embedded-content\" sandbox=\"allow-scripts\" security=\"restricted\" style=\"position: absolute; visibility: hidden;\" title=\"\u00ab\u00a0Maria Montserrat Capdevila d&rsquo;Oriola, une carri\u00e8re d\u00e9class\u00e9e\u00a0\u00bb &#8212; Radio Aviva Perpignan\" src=\"https:\/\/radio-aviva.com\/perpignan\/podcast\/maria-montserrat-capdevila-doriola-une-carriere-declassee\/embed\/#?secret=YM6iFTVw5Y#?secret=KQJs597Igp\" data-secret=\"KQJs597Igp\" width=\"600\" height=\"338\" frameborder=\"0\" marginwidth=\"0\" marginheight=\"0\" scrolling=\"no\"><\/iframe><\/p>\n<blockquote class=\"wp-embedded-content\" data-secret=\"NZCAejrWii\"><p><a href=\"https:\/\/radio-aviva.com\/perpignan\/podcast\/margarida-de-descatllar-une-devotion-a-la-langue-catalane\/\">Margarida de Descatllar, une d\u00e9votion \u00e0 la langue catalane<\/a><\/p><\/blockquote>\n<p><iframe class=\"wp-embedded-content\" sandbox=\"allow-scripts\" security=\"restricted\" style=\"position: absolute; visibility: hidden;\" title=\"\u00ab\u00a0Margarida de Descatllar, une d\u00e9votion \u00e0 la langue catalane\u00a0\u00bb &#8212; Radio Aviva Perpignan\" src=\"https:\/\/radio-aviva.com\/perpignan\/podcast\/margarida-de-descatllar-une-devotion-a-la-langue-catalane\/embed\/#?secret=VAJAReLRs9#?secret=NZCAejrWii\" data-secret=\"NZCAejrWii\" width=\"600\" height=\"338\" frameborder=\"0\" marginwidth=\"0\" marginheight=\"0\" scrolling=\"no\"><\/iframe><\/p>\n<blockquote class=\"wp-embedded-content\" data-secret=\"iYP9UsRUJz\"><p><a href=\"https:\/\/radio-aviva.com\/perpignan\/podcast\/anny-de-pous-laristocrate-au-service-de-la-science\/\">Anny de Pous, l&rsquo;aristocrate au service de la science<\/a><\/p><\/blockquote>\n<p><iframe class=\"wp-embedded-content\" sandbox=\"allow-scripts\" security=\"restricted\" style=\"position: absolute; visibility: hidden;\" title=\"\u00ab\u00a0Anny de Pous, l&rsquo;aristocrate au service de la science\u00a0\u00bb &#8212; Radio Aviva Perpignan\" src=\"https:\/\/radio-aviva.com\/perpignan\/podcast\/anny-de-pous-laristocrate-au-service-de-la-science\/embed\/#?secret=Sh9sRezJcC#?secret=iYP9UsRUJz\" data-secret=\"iYP9UsRUJz\" width=\"600\" height=\"338\" frameborder=\"0\" marginwidth=\"0\" marginheight=\"0\" scrolling=\"no\"><\/iframe><\/p>\n<blockquote class=\"wp-embedded-content\" data-secret=\"YzIzn0UMxn\"><p><a href=\"https:\/\/radio-aviva.com\/perpignan\/podcast\/elisabeth-oliveres-pico-resistante-et-historienne\/\">Elisabeth Oliveres-Pico, r\u00e9sistante et historienne<\/a><\/p><\/blockquote>\n<p><iframe class=\"wp-embedded-content\" sandbox=\"allow-scripts\" security=\"restricted\" style=\"position: absolute; visibility: hidden;\" title=\"\u00ab\u00a0Elisabeth Oliveres-Pico, r\u00e9sistante et historienne\u00a0\u00bb &#8212; Radio Aviva Perpignan\" src=\"https:\/\/radio-aviva.com\/perpignan\/podcast\/elisabeth-oliveres-pico-resistante-et-historienne\/embed\/#?secret=AV2WJhKgxf#?secret=YzIzn0UMxn\" data-secret=\"YzIzn0UMxn\" width=\"600\" height=\"338\" frameborder=\"0\" marginwidth=\"0\" marginheight=\"0\" scrolling=\"no\"><\/iframe><\/p>\n<blockquote class=\"wp-embedded-content\" data-secret=\"5Cxow0epdF\"><p><a href=\"https:\/\/radio-aviva.com\/perpignan\/podcast\/josette-clotis-a-lombre-de-malraux\/\">Josette Clotis, \u00e0 l&rsquo;ombre de Malraux<\/a><\/p><\/blockquote>\n<p><iframe class=\"wp-embedded-content\" sandbox=\"allow-scripts\" security=\"restricted\" style=\"position: absolute; visibility: hidden;\" title=\"\u00ab\u00a0Josette Clotis, \u00e0 l&rsquo;ombre de Malraux\u00a0\u00bb &#8212; Radio Aviva Perpignan\" src=\"https:\/\/radio-aviva.com\/perpignan\/podcast\/josette-clotis-a-lombre-de-malraux\/embed\/#?secret=wAxgKsor0n#?secret=5Cxow0epdF\" data-secret=\"5Cxow0epdF\" width=\"600\" height=\"338\" frameborder=\"0\" marginwidth=\"0\" marginheight=\"0\" scrolling=\"no\"><\/iframe><\/p>\n<blockquote class=\"wp-embedded-content\" data-secret=\"bl85c51Wsu\"><p><a href=\"https:\/\/radio-aviva.com\/perpignan\/podcast\/pepa-carel-la-mauvaise-reputation-dune-star\/\">Pepa Carel, la \u00ab\u00a0mauvaise\u00a0\u00bb r\u00e9putation d&rsquo;une star<\/a><\/p><\/blockquote>\n<p><iframe class=\"wp-embedded-content\" sandbox=\"allow-scripts\" security=\"restricted\" style=\"position: absolute; visibility: hidden;\" title=\"\u00ab\u00a0Pepa Carel, la \u00ab\u00a0mauvaise\u00a0\u00bb r\u00e9putation d&rsquo;une star\u00a0\u00bb &#8212; Radio Aviva Perpignan\" src=\"https:\/\/radio-aviva.com\/perpignan\/podcast\/pepa-carel-la-mauvaise-reputation-dune-star\/embed\/#?secret=Tu86F1P5ll#?secret=bl85c51Wsu\" data-secret=\"bl85c51Wsu\" width=\"600\" height=\"338\" frameborder=\"0\" marginwidth=\"0\" marginheight=\"0\" scrolling=\"no\"><\/iframe><\/p>\n<blockquote class=\"wp-embedded-content\" data-secret=\"WfnISwaAde\"><p><a href=\"https:\/\/radio-aviva.com\/perpignan\/podcast\/friedel-bohny-reiter-lespoir-des-camps\/\">Friedel Bohny-Reiter, l&rsquo;Espoir des camps<\/a><\/p><\/blockquote>\n<p><iframe class=\"wp-embedded-content\" sandbox=\"allow-scripts\" security=\"restricted\" style=\"position: absolute; visibility: hidden;\" title=\"\u00ab\u00a0Friedel Bohny-Reiter, l&rsquo;Espoir des camps\u00a0\u00bb &#8212; Radio Aviva Perpignan\" src=\"https:\/\/radio-aviva.com\/perpignan\/podcast\/friedel-bohny-reiter-lespoir-des-camps\/embed\/#?secret=cji3alVXTs#?secret=WfnISwaAde\" data-secret=\"WfnISwaAde\" width=\"600\" height=\"338\" frameborder=\"0\" marginwidth=\"0\" marginheight=\"0\" scrolling=\"no\"><\/iframe><\/p>\n<blockquote class=\"wp-embedded-content\" data-secret=\"BsNxWaHCyC\"><p><a href=\"https:\/\/radio-aviva.com\/perpignan\/podcast\/georgette-clerc-une-utopie-brisee\/\">Georgette Clerc, une utopie bris\u00e9e<\/a><\/p><\/blockquote>\n<p><iframe class=\"wp-embedded-content\" sandbox=\"allow-scripts\" security=\"restricted\" style=\"position: absolute; visibility: hidden;\" title=\"\u00ab\u00a0Georgette Clerc, une utopie bris\u00e9e\u00a0\u00bb &#8212; Radio Aviva Perpignan\" src=\"https:\/\/radio-aviva.com\/perpignan\/podcast\/georgette-clerc-une-utopie-brisee\/embed\/#?secret=myN2wfhgDX#?secret=BsNxWaHCyC\" data-secret=\"BsNxWaHCyC\" width=\"600\" height=\"338\" frameborder=\"0\" marginwidth=\"0\" marginheight=\"0\" scrolling=\"no\"><\/iframe><\/p>\n<blockquote class=\"wp-embedded-content\" data-secret=\"9EMR328xvB\"><p><a href=\"https:\/\/radio-aviva.com\/perpignan\/podcast\/elisabeth-eidenbenz-un-modele-de-desobeissance\/\">Elisabeth Eidenbenz, un mod\u00e8le de d\u00e9sob\u00e9issance<\/a><\/p><\/blockquote>\n<p><iframe class=\"wp-embedded-content\" sandbox=\"allow-scripts\" security=\"restricted\" style=\"position: absolute; visibility: hidden;\" title=\"\u00ab\u00a0Elisabeth Eidenbenz, un mod\u00e8le de d\u00e9sob\u00e9issance\u00a0\u00bb &#8212; Radio Aviva Perpignan\" src=\"https:\/\/radio-aviva.com\/perpignan\/podcast\/elisabeth-eidenbenz-un-modele-de-desobeissance\/embed\/#?secret=wuummNZD14#?secret=9EMR328xvB\" data-secret=\"9EMR328xvB\" width=\"600\" height=\"338\" frameborder=\"0\" marginwidth=\"0\" marginheight=\"0\" scrolling=\"no\"><\/iframe><\/p>\n<blockquote class=\"wp-embedded-content\" data-secret=\"vBSfw34I1N\"><p><a href=\"https:\/\/radio-aviva.com\/perpignan\/podcast\/antonia-adroher-leducation-pour-toutes-et-tous\/\">Antonia Adroher, l&rsquo;\u00e9ducation pour toutes et tous<\/a><\/p><\/blockquote>\n<p><iframe class=\"wp-embedded-content\" sandbox=\"allow-scripts\" security=\"restricted\" style=\"position: absolute; visibility: hidden;\" title=\"\u00ab\u00a0Antonia Adroher, l&rsquo;\u00e9ducation pour toutes et tous\u00a0\u00bb &#8212; Radio Aviva Perpignan\" src=\"https:\/\/radio-aviva.com\/perpignan\/podcast\/antonia-adroher-leducation-pour-toutes-et-tous\/embed\/#?secret=Qxzn5dHzdI#?secret=vBSfw34I1N\" data-secret=\"vBSfw34I1N\" width=\"600\" height=\"338\" frameborder=\"0\" marginwidth=\"0\" marginheight=\"0\" scrolling=\"no\"><\/iframe><\/p>\n<blockquote class=\"wp-embedded-content\" data-secret=\"fEpUASlAC9\"><p><a href=\"https:\/\/radio-aviva.com\/perpignan\/podcast\/lucette-pla-justafre-lengagement-et-laction-politique\/\">Lucette Pla Justafr\u00e9, l&rsquo;engagement et l&rsquo;action politique<\/a><\/p><\/blockquote>\n<p><iframe class=\"wp-embedded-content\" sandbox=\"allow-scripts\" security=\"restricted\" style=\"position: absolute; visibility: hidden;\" title=\"\u00ab\u00a0Lucette Pla Justafr\u00e9, l&rsquo;engagement et l&rsquo;action politique\u00a0\u00bb &#8212; Radio Aviva Perpignan\" src=\"https:\/\/radio-aviva.com\/perpignan\/podcast\/lucette-pla-justafre-lengagement-et-laction-politique\/embed\/#?secret=MsN3AnZrit#?secret=fEpUASlAC9\" data-secret=\"fEpUASlAC9\" width=\"600\" height=\"338\" frameborder=\"0\" marginwidth=\"0\" marginheight=\"0\" scrolling=\"no\"><\/iframe><\/p>\n<blockquote class=\"wp-embedded-content\" data-secret=\"COPNRAOfPy\"><p><a href=\"https:\/\/radio-aviva.com\/perpignan\/podcast\/marie-therese-gravas-la-plus-jeune-pilote-davion\/\">Marie &#8211; Th\u00e9r\u00e8se Gravas, la plus jeune pilote d&rsquo;avion<\/a><\/p><\/blockquote>\n<p><iframe class=\"wp-embedded-content\" sandbox=\"allow-scripts\" security=\"restricted\" style=\"position: absolute; visibility: hidden;\" title=\"\u00ab\u00a0Marie &#8211; Th\u00e9r\u00e8se Gravas, la plus jeune pilote d&rsquo;avion\u00a0\u00bb &#8212; Radio Aviva Perpignan\" src=\"https:\/\/radio-aviva.com\/perpignan\/podcast\/marie-therese-gravas-la-plus-jeune-pilote-davion\/embed\/#?secret=v43A58sKLL#?secret=COPNRAOfPy\" data-secret=\"COPNRAOfPy\" width=\"600\" height=\"338\" frameborder=\"0\" marginwidth=\"0\" marginheight=\"0\" scrolling=\"no\"><\/iframe><\/p>\n<blockquote class=\"wp-embedded-content\" data-secret=\"eVglmQvruP\"><p><a href=\"https:\/\/radio-aviva.com\/perpignan\/podcast\/dina-vierny-une-muse-controversee\/\">Dina Vierny, une muse controvers\u00e9e<\/a><\/p><\/blockquote>\n<p><iframe class=\"wp-embedded-content\" sandbox=\"allow-scripts\" security=\"restricted\" style=\"position: absolute; visibility: hidden;\" title=\"\u00ab\u00a0Dina Vierny, une muse controvers\u00e9e\u00a0\u00bb &#8212; Radio Aviva Perpignan\" src=\"https:\/\/radio-aviva.com\/perpignan\/podcast\/dina-vierny-une-muse-controversee\/embed\/#?secret=az62fAVtlS#?secret=eVglmQvruP\" data-secret=\"eVglmQvruP\" width=\"600\" height=\"338\" frameborder=\"0\" marginwidth=\"0\" marginheight=\"0\" scrolling=\"no\"><\/iframe><\/p>\n<blockquote class=\"wp-embedded-content\" data-secret=\"OzgCmhvVk7\"><p><a href=\"https:\/\/radio-aviva.com\/perpignan\/podcast\/teresa-rebull-la-chanson-est-une-arme\/\">Teresa REBULL, la chanson est une arme<\/a><\/p><\/blockquote>\n<p><iframe class=\"wp-embedded-content\" sandbox=\"allow-scripts\" security=\"restricted\" style=\"position: absolute; visibility: hidden;\" title=\"\u00ab\u00a0Teresa REBULL, la chanson est une arme\u00a0\u00bb &#8212; Radio Aviva Perpignan\" src=\"https:\/\/radio-aviva.com\/perpignan\/podcast\/teresa-rebull-la-chanson-est-une-arme\/embed\/#?secret=FbuXPXJVn8#?secret=OzgCmhvVk7\" data-secret=\"OzgCmhvVk7\" width=\"600\" height=\"338\" frameborder=\"0\" marginwidth=\"0\" marginheight=\"0\" scrolling=\"no\"><\/iframe><\/p>\n<blockquote class=\"wp-embedded-content\" data-secret=\"uU4ci3pKIt\"><p><a href=\"https:\/\/radio-aviva.com\/perpignan\/podcast\/rosette-blanc-je-suis-restee-ferme-comme-un-roc\/\">Rosette BLANC, je suis rest\u00e9e ferme comme un roc<\/a><\/p><\/blockquote>\n<p><iframe class=\"wp-embedded-content\" sandbox=\"allow-scripts\" security=\"restricted\" style=\"position: absolute; visibility: hidden;\" title=\"\u00ab\u00a0Rosette BLANC, je suis rest\u00e9e ferme comme un roc\u00a0\u00bb &#8212; Radio Aviva Perpignan\" src=\"https:\/\/radio-aviva.com\/perpignan\/podcast\/rosette-blanc-je-suis-restee-ferme-comme-un-roc\/embed\/#?secret=M59Eau3pDd#?secret=uU4ci3pKIt\" data-secret=\"uU4ci3pKIt\" width=\"600\" height=\"338\" frameborder=\"0\" marginwidth=\"0\" marginheight=\"0\" scrolling=\"no\"><\/iframe><\/p>\n<blockquote class=\"wp-embedded-content\" data-secret=\"K0paLB57Tz\"><p><a href=\"https:\/\/radio-aviva.com\/perpignan\/podcast\/juliette-bes-une-jeune-fille-qui-a-dit-non\/\">Juliette BES, une jeune fille qui a dit non<\/a><\/p><\/blockquote>\n<p><iframe class=\"wp-embedded-content\" sandbox=\"allow-scripts\" security=\"restricted\" style=\"position: absolute; visibility: hidden;\" title=\"\u00ab\u00a0Juliette BES, une jeune fille qui a dit non\u00a0\u00bb &#8212; Radio Aviva Perpignan\" src=\"https:\/\/radio-aviva.com\/perpignan\/podcast\/juliette-bes-une-jeune-fille-qui-a-dit-non\/embed\/#?secret=DIDPNP06bs#?secret=K0paLB57Tz\" data-secret=\"K0paLB57Tz\" width=\"600\" height=\"338\" frameborder=\"0\" marginwidth=\"0\" marginheight=\"0\" scrolling=\"no\"><\/iframe><\/p>\n<blockquote class=\"wp-embedded-content\" data-secret=\"QUURCo61va\"><p><a href=\"https:\/\/radio-aviva.com\/perpignan\/podcast\/ursula-vian-kubler-en-toute-discretion\/\">Ursula VIAN KUBLER, en toute discr\u00e9tion<\/a><\/p><\/blockquote>\n<p><iframe class=\"wp-embedded-content\" sandbox=\"allow-scripts\" security=\"restricted\" style=\"position: absolute; visibility: hidden;\" title=\"\u00ab\u00a0Ursula VIAN KUBLER, en toute discr\u00e9tion\u00a0\u00bb &#8212; Radio Aviva Perpignan\" src=\"https:\/\/radio-aviva.com\/perpignan\/podcast\/ursula-vian-kubler-en-toute-discretion\/embed\/#?secret=TSc6k4EHRn#?secret=QUURCo61va\" data-secret=\"QUURCo61va\" width=\"600\" height=\"338\" frameborder=\"0\" marginwidth=\"0\" marginheight=\"0\" scrolling=\"no\"><\/iframe><\/p>\n<blockquote class=\"wp-embedded-content\" data-secret=\"clw5Ngs8K9\"><p><a href=\"https:\/\/radio-aviva.com\/perpignan\/podcast\/roxanne-durosier-les-combats-dune-femme-libre\/\">Roxanne DUROSIER, les combats d&rsquo;une femme libre<\/a><\/p><\/blockquote>\n<p><iframe class=\"wp-embedded-content\" sandbox=\"allow-scripts\" security=\"restricted\" style=\"position: absolute; visibility: hidden;\" title=\"\u00ab\u00a0Roxanne DUROSIER, les combats d&rsquo;une femme libre\u00a0\u00bb &#8212; Radio Aviva Perpignan\" src=\"https:\/\/radio-aviva.com\/perpignan\/podcast\/roxanne-durosier-les-combats-dune-femme-libre\/embed\/#?secret=nqpbamhmIF#?secret=clw5Ngs8K9\" data-secret=\"clw5Ngs8K9\" width=\"600\" height=\"338\" frameborder=\"0\" marginwidth=\"0\" marginheight=\"0\" scrolling=\"no\"><\/iframe><\/p>\n<blockquote class=\"wp-embedded-content\" data-secret=\"bJJYn6ELoI\"><p><a href=\"https:\/\/radio-aviva.com\/perpignan\/podcast\/renada-laura-portet-linclassable\/\">Renada Laura PORTET, l&rsquo;inclassable<\/a><\/p><\/blockquote>\n<p><iframe class=\"wp-embedded-content\" sandbox=\"allow-scripts\" security=\"restricted\" style=\"position: absolute; visibility: hidden;\" title=\"\u00ab\u00a0Renada Laura PORTET, l&rsquo;inclassable\u00a0\u00bb &#8212; Radio Aviva Perpignan\" src=\"https:\/\/radio-aviva.com\/perpignan\/podcast\/renada-laura-portet-linclassable\/embed\/#?secret=MNGBDi2N5m#?secret=bJJYn6ELoI\" data-secret=\"bJJYn6ELoI\" width=\"600\" height=\"338\" frameborder=\"0\" marginwidth=\"0\" marginheight=\"0\" scrolling=\"no\"><\/iframe><\/p>\n<blockquote class=\"wp-embedded-content\" data-secret=\"4PopAeHLyk\"><p><a href=\"https:\/\/radio-aviva.com\/perpignan\/podcast\/eliane-thibault-comelade-historienne-de-la-cuisine-catalane\/\">Eliane THIBAULT COMELADE, historienne de la cuisine catalane<\/a><\/p><\/blockquote>\n<p><iframe class=\"wp-embedded-content\" sandbox=\"allow-scripts\" security=\"restricted\" style=\"position: absolute; visibility: hidden;\" title=\"\u00ab\u00a0Eliane THIBAULT COMELADE, historienne de la cuisine catalane\u00a0\u00bb &#8212; Radio Aviva Perpignan\" src=\"https:\/\/radio-aviva.com\/perpignan\/podcast\/eliane-thibault-comelade-historienne-de-la-cuisine-catalane\/embed\/#?secret=ujs42vjNDL#?secret=4PopAeHLyk\" data-secret=\"4PopAeHLyk\" width=\"600\" height=\"338\" frameborder=\"0\" marginwidth=\"0\" marginheight=\"0\" scrolling=\"no\"><\/iframe><\/p>\n<blockquote class=\"wp-embedded-content\" data-secret=\"V9a09k82E2\"><p><a href=\"https:\/\/radio-aviva.com\/perpignan\/podcast\/alicia-marcet-juncosa-une-puriste-au-service-de-la-culture-catalane\/\">Alicia MARCET JUNCOSA, une puriste au service de la culture catalane<\/a><\/p><\/blockquote>\n<p><iframe class=\"wp-embedded-content\" sandbox=\"allow-scripts\" security=\"restricted\" style=\"position: absolute; visibility: hidden;\" title=\"\u00ab\u00a0Alicia MARCET JUNCOSA, une puriste au service de la culture catalane\u00a0\u00bb &#8212; Radio Aviva Perpignan\" src=\"https:\/\/radio-aviva.com\/perpignan\/podcast\/alicia-marcet-juncosa-une-puriste-au-service-de-la-culture-catalane\/embed\/#?secret=dI4QvsKotx#?secret=V9a09k82E2\" data-secret=\"V9a09k82E2\" width=\"600\" height=\"338\" frameborder=\"0\" marginwidth=\"0\" marginheight=\"0\" scrolling=\"no\"><\/iframe><\/p>\n<blockquote class=\"wp-embedded-content\" data-secret=\"pKS5zdtJDV\"><p><a href=\"https:\/\/radio-aviva.com\/perpignan\/podcast\/francoise-claustre-de-lafrique-a-montauriol\/\">Fran\u00e7oise CLAUSTRE, de l&rsquo;Afrique \u00e0 Montauriol<\/a><\/p><\/blockquote>\n<p><iframe class=\"wp-embedded-content\" sandbox=\"allow-scripts\" security=\"restricted\" style=\"position: absolute; visibility: hidden;\" title=\"\u00ab\u00a0Fran\u00e7oise CLAUSTRE, de l&rsquo;Afrique \u00e0 Montauriol\u00a0\u00bb &#8212; Radio Aviva Perpignan\" src=\"https:\/\/radio-aviva.com\/perpignan\/podcast\/francoise-claustre-de-lafrique-a-montauriol\/embed\/#?secret=TCkC8NiEPv#?secret=pKS5zdtJDV\" data-secret=\"pKS5zdtJDV\" width=\"600\" height=\"338\" frameborder=\"0\" marginwidth=\"0\" marginheight=\"0\" scrolling=\"no\"><\/iframe><\/p>\n<blockquote class=\"wp-embedded-content\" data-secret=\"iOwerskoxu\"><p><a href=\"https:\/\/radio-aviva.com\/perpignan\/podcast\/arlette-franco-son-ambition-peu-commune\/\">Arlette FRANCO, son ambition peu commune<\/a><\/p><\/blockquote>\n<p><iframe class=\"wp-embedded-content\" sandbox=\"allow-scripts\" security=\"restricted\" style=\"position: absolute; visibility: hidden;\" title=\"\u00ab\u00a0Arlette FRANCO, son ambition peu commune\u00a0\u00bb &#8212; Radio Aviva Perpignan\" src=\"https:\/\/radio-aviva.com\/perpignan\/podcast\/arlette-franco-son-ambition-peu-commune\/embed\/#?secret=6LlzlIkm1T#?secret=iOwerskoxu\" data-secret=\"iOwerskoxu\" width=\"600\" height=\"338\" frameborder=\"0\" marginwidth=\"0\" marginheight=\"0\" scrolling=\"no\"><\/iframe><\/p>\n<blockquote class=\"wp-embedded-content\" data-secret=\"dJSAYDJl0B\"><p><a href=\"https:\/\/radio-aviva.com\/perpignan\/podcast\/renee-soum-son-combat-pour-la-citoyennete-et-la-solidarite\/\">Ren\u00e9e SOUM, son combat pour la citoyennet\u00e9 et la solidarit\u00e9<\/a><\/p><\/blockquote>\n<p><iframe class=\"wp-embedded-content\" sandbox=\"allow-scripts\" security=\"restricted\" style=\"position: absolute; visibility: hidden;\" title=\"\u00ab\u00a0Ren\u00e9e SOUM, son combat pour la citoyennet\u00e9 et la solidarit\u00e9\u00a0\u00bb &#8212; Radio Aviva Perpignan\" src=\"https:\/\/radio-aviva.com\/perpignan\/podcast\/renee-soum-son-combat-pour-la-citoyennete-et-la-solidarite\/embed\/#?secret=MlVpaziVdQ#?secret=dJSAYDJl0B\" data-secret=\"dJSAYDJl0B\" width=\"600\" height=\"338\" frameborder=\"0\" marginwidth=\"0\" marginheight=\"0\" scrolling=\"no\"><\/iframe><\/p>\n<blockquote class=\"wp-embedded-content\" data-secret=\"yqXat1rCB6\"><p><a href=\"https:\/\/radio-aviva.com\/perpignan\/podcast\/jocelyne-jocya-un-succes-fulgurant\/\">Jocelyne JOCYA, un succ\u00e8s fulgurant<\/a><\/p><\/blockquote>\n<p><iframe class=\"wp-embedded-content\" sandbox=\"allow-scripts\" security=\"restricted\" style=\"position: absolute; visibility: hidden;\" title=\"\u00ab\u00a0Jocelyne JOCYA, un succ\u00e8s fulgurant\u00a0\u00bb &#8212; Radio Aviva Perpignan\" src=\"https:\/\/radio-aviva.com\/perpignan\/podcast\/jocelyne-jocya-un-succes-fulgurant\/embed\/#?secret=0UjS8sFyTH#?secret=yqXat1rCB6\" data-secret=\"yqXat1rCB6\" width=\"600\" height=\"338\" frameborder=\"0\" marginwidth=\"0\" marginheight=\"0\" scrolling=\"no\"><\/iframe><\/p>\n<blockquote class=\"wp-embedded-content\" data-secret=\"LCU7wVYc9X\"><p><a href=\"https:\/\/radio-aviva.com\/perpignan\/podcast\/monique-bilalte-antigona-symbole-de-la-resistance\/\">Monique BILALTE, Antigona symbole de la r\u00e9sistance<\/a><\/p><\/blockquote>\n<p><iframe class=\"wp-embedded-content\" sandbox=\"allow-scripts\" security=\"restricted\" style=\"position: absolute; visibility: hidden;\" title=\"\u00ab\u00a0Monique BILALTE, Antigona symbole de la r\u00e9sistance\u00a0\u00bb &#8212; Radio Aviva Perpignan\" src=\"https:\/\/radio-aviva.com\/perpignan\/podcast\/monique-bilalte-antigona-symbole-de-la-resistance\/embed\/#?secret=mHdlKnMHHi#?secret=LCU7wVYc9X\" data-secret=\"LCU7wVYc9X\" width=\"600\" height=\"338\" frameborder=\"0\" marginwidth=\"0\" marginheight=\"0\" scrolling=\"no\"><\/iframe><\/p>\n<blockquote class=\"wp-embedded-content\" data-secret=\"kwJuxYrhpd\"><p><a href=\"https:\/\/radio-aviva.com\/perpignan\/podcast\/colette-tigneres-une-vie-de-militante-feministe\/\">Colette TIGNERES, une vie de militante f\u00e9ministe<\/a><\/p><\/blockquote>\n<p><iframe class=\"wp-embedded-content\" sandbox=\"allow-scripts\" security=\"restricted\" style=\"position: absolute; visibility: hidden;\" title=\"\u00ab\u00a0Colette TIGNERES, une vie de militante f\u00e9ministe\u00a0\u00bb &#8212; Radio Aviva Perpignan\" src=\"https:\/\/radio-aviva.com\/perpignan\/podcast\/colette-tigneres-une-vie-de-militante-feministe\/embed\/#?secret=8aJ8L6IfGJ#?secret=kwJuxYrhpd\" data-secret=\"kwJuxYrhpd\" width=\"600\" height=\"338\" frameborder=\"0\" marginwidth=\"0\" marginheight=\"0\" scrolling=\"no\"><\/iframe><\/p>\n<blockquote class=\"wp-embedded-content\" data-secret=\"zTnMQYGm9o\"><p><a href=\"https:\/\/radio-aviva.com\/perpignan\/podcast\/dani-la-diva-underground\/\">Dani, la Diva underground<\/a><\/p><\/blockquote>\n<p><iframe class=\"wp-embedded-content\" sandbox=\"allow-scripts\" security=\"restricted\" style=\"position: absolute; visibility: hidden;\" title=\"\u00ab\u00a0Dani, la Diva underground\u00a0\u00bb &#8212; Radio Aviva Perpignan\" src=\"https:\/\/radio-aviva.com\/perpignan\/podcast\/dani-la-diva-underground\/embed\/#?secret=NiIfujfPQ4#?secret=zTnMQYGm9o\" data-secret=\"zTnMQYGm9o\" width=\"600\" height=\"338\" frameborder=\"0\" marginwidth=\"0\" marginheight=\"0\" scrolling=\"no\"><\/iframe><\/p>\n<p>&nbsp;<\/p>\n","protected":false},"excerpt":{"rendered":"<p>66 femmes des Pyr\u00e9n\u00e9es Orientales : d\u00e9couvrez les 66 destins qui ont marqu\u00e9 notre territoire. C\u00e9l\u00e8bres ou inconnues, les femmes catalanes ont profond\u00e9ment marqu\u00e9 l&rsquo;histoire et la g\u00e9ographie de la Catalogne Nord et ont transmis un riche h\u00e9ritage, de la pr\u00e9histoire \u00e0 nos jours. Le livre \u00ab\u00a0Matrimoine catalan, 66 femmes\u00a0\u00bb, ...<\/p>\n","protected":false},"author":329,"featured_media":9849,"comment_status":"closed","ping_status":"open","sticky":false,"template":"","format":"standard","meta":{"footnotes":""},"categories":[312,112,313],"tags":[],"post_folder":[],"class_list":["post-9858","post","type-post","status-publish","format-standard","has-post-thumbnail","hentry","category-matrimoine","category-perpignan","category-pyrenees-orientales"],"_links":{"self":[{"href":"https:\/\/radio-aviva.com\/perpignan\/wp-json\/wp\/v2\/posts\/9858","targetHints":{"allow":["GET"]}}],"collection":[{"href":"https:\/\/radio-aviva.com\/perpignan\/wp-json\/wp\/v2\/posts"}],"about":[{"href":"https:\/\/radio-aviva.com\/perpignan\/wp-json\/wp\/v2\/types\/post"}],"author":[{"embeddable":true,"href":"https:\/\/radio-aviva.com\/perpignan\/wp-json\/wp\/v2\/users\/329"}],"replies":[{"embeddable":true,"href":"https:\/\/radio-aviva.com\/perpignan\/wp-json\/wp\/v2\/comments?post=9858"}],"version-history":[{"count":19,"href":"https:\/\/radio-aviva.com\/perpignan\/wp-json\/wp\/v2\/posts\/9858\/revisions"}],"predecessor-version":[{"id":10457,"href":"https:\/\/radio-aviva.com\/perpignan\/wp-json\/wp\/v2\/posts\/9858\/revisions\/10457"}],"wp:featuredmedia":[{"embeddable":true,"href":"https:\/\/radio-aviva.com\/perpignan\/wp-json\/wp\/v2\/media\/9849"}],"wp:attachment":[{"href":"https:\/\/radio-aviva.com\/perpignan\/wp-json\/wp\/v2\/media?parent=9858"}],"wp:term":[{"taxonomy":"category","embeddable":true,"href":"https:\/\/radio-aviva.com\/perpignan\/wp-json\/wp\/v2\/categories?post=9858"},{"taxonomy":"post_tag","embeddable":true,"href":"https:\/\/radio-aviva.com\/perpignan\/wp-json\/wp\/v2\/tags?post=9858"},{"taxonomy":"post_folder","embeddable":true,"href":"https:\/\/radio-aviva.com\/perpignan\/wp-json\/wp\/v2\/post_folder?post=9858"}],"curies":[{"name":"wp","href":"https:\/\/api.w.org\/{rel}","templated":true}]}}